{"id":56378,"date":"2019-09-03T22:57:49","date_gmt":"2019-09-04T03:57:49","guid":{"rendered":"http:\/\/elinformanteperu.com\/?p=56378"},"modified":"2019-09-03T23:55:51","modified_gmt":"2019-09-04T04:55:51","slug":"del-solar-olaechea-se-comprometio-a-darle-prioridad-a-proyecto-de-adelanto-de-elecciones","status":"publish","type":"post","link":"https:\/\/elinformanteperu.com\/index.php\/2019\/09\/03\/del-solar-olaechea-se-comprometio-a-darle-prioridad-a-proyecto-de-adelanto-de-elecciones\/","title":{"rendered":"Del Solar: Olaechea se comprometi\u00f3 a darle prioridad a proyecto de adelanto de elecciones"},"content":{"rendered":"<p><strong><span style=\"color: #000000;\">El titular de la PCM, Salvador del Solar, afirm\u00f3 que el presidente del Congreso, Pedro Olaechea, se comprometi\u00f3 a darle prioridad al proyecto de adelanto de elecciones.<\/span><\/strong><\/p>\n<p><span style=\"color: #000000;\"><strong>Lima, 03 Septiembre 2019, (ANDINA).-<\/strong> El titular de la Presidencia del Consejo de Ministros (PCM), Salvador del Solar, afirm\u00f3 que el presidente del Congreso, Pedro Olaechea, se comprometi\u00f3 a darle prioridad al proyecto de adelanto de elecciones.<\/span><\/p>\n<p><span style=\"color: #000000;\">Tras culminar la reuni\u00f3n entre los poderes Ejecutivo y Legislativo, se\u00f1al\u00f3 que fue una reuni\u00f3n cordial, transparente, franca \u201cy bastante productiva\u201d.<\/span><\/p>\n<p><span style=\"color: #000000;\">\u201cEl presidente del Congreso manifest\u00f3 entender que el tema del adelanto de elecciones tiene que verse de manera prioritaria y se\u00f1al\u00f3 que iba a respaldar la atenci\u00f3n inmediata de esta propuesta presentada por el mandatario (Mart\u00edn Vizcarra) el 28 de julio\u201d, afirm\u00f3.<\/span><\/p>\n<p><span style=\"color: #000000;\">En ese sentido, refiri\u00f3 que es muy positivo que los dos poderes del Estado hayan tenido esta reuni\u00f3n, donde se expresaron temas coincidentes como la reconstrucci\u00f3n del norte, el empleo y la inseguridad.<\/span><\/p>\n<p><span style=\"color: #000000;\">\u201cSin embargo, se acord\u00f3 entre el presidente de la Rep\u00fablica y el titular del Congreso darles la mayor relevancia a los temas de la propuesta del Ejecutivo del adelanto de elecciones y a los temas que tienen que ver con la econom\u00eda de nuestro pa\u00eds\u201d, asegur\u00f3.<\/span><\/p>\n<p><span style=\"color: #000000;\">Asimismo, refiri\u00f3 que una copia del Plan Nacional de Competitividad y Productividad, que fue presentado hoy por el Ejecutivo, fue entregada al presidente del Congreso.<\/span><\/p>\n<p><span style=\"color: #000000;\">Como se recuerda, el presidente Mart\u00edn Vizcarra y el titular del Congreso, Pedro Olaechea, sostuvieron una reuni\u00f3n que se inici\u00f3 pasadas las 17:00 horas.<\/span><\/p>\n<p><span style=\"color: #000000;\">En esta cita tambi\u00e9n participaron, en alg\u00fan momento, el titular de la PCM, Salvador del Solar, y los ministros de Justicia, Vicente Zeballos, y de Econom\u00eda, Carlos Oliva.<\/span><\/p>\n<p><iframe title=\"Salvador del Solar califica de positiva reuni\u00f3n con presidente del Congreso\" width=\"615\" height=\"346\" src=\"https:\/\/www.youtube.com\/embed\/et5WVztuBPw?feature=oembed\" frameborder=\"0\" allow=\"accelerometer; autoplay; clipboard-write; encrypted-media; gyroscope; picture-in-picture; web-share\" referrerpolicy=\"strict-origin-when-cross-origin\" allowfullscreen><\/iframe><\/p>\n","protected":false},"excerpt":{"rendered":"<p>El titular de la PCM, Salvador del Solar, afirm\u00f3 que el presidente del Congreso, Pedro Olaechea, se comprometi\u00f3 a darle prioridad al proyecto de adelanto de elecciones. Lima, 03 Septiembre 2019, (ANDINA).- El titular de la Presidencia del Consejo de Ministros (PCM), Salvador del Solar, afirm\u00f3 que el presidente del Congreso, Pedro Olaechea, se comprometi\u00f3 [&hellip;]<\/p>\n","protected":false},"author":1,"featured_media":56379,"comment_status":"open","ping_status":"open","sticky":false,"template":"","format":"standard","meta":{"rop_custom_images_group":[],"rop_custom_messages_group":[],"rop_publish_now":"initial","rop_publish_now_accounts":[],"rop_publish_now_history":[],"rop_publish_now_status":"pending","footnotes":""},"categories":[5],"tags":[192,289,2176,473],"class_list":["post-56378","post","type-post","status-publish","format-standard","has-post-thumbnail","hentry","category-actualidad-informativa","tag-congreso","tag-martin-vizcarra","tag-pedro-olaechea","tag-salvador-del-solar"],"_links":{"self":[{"href":"https:\/\/elinformanteperu.com\/index.php\/wp-json\/wp\/v2\/posts\/56378","targetHints":{"allow":["GET"]}}],"collection":[{"href":"https:\/\/elinformanteperu.com\/index.php\/wp-json\/wp\/v2\/posts"}],"about":[{"href":"https:\/\/elinformanteperu.com\/index.php\/wp-json\/wp\/v2\/types\/post"}],"author":[{"embeddable":true,"href":"https:\/\/elinformanteperu.com\/index.php\/wp-json\/wp\/v2\/users\/1"}],"replies":[{"embeddable":true,"href":"https:\/\/elinformanteperu.com\/index.php\/wp-json\/wp\/v2\/comments?post=56378"}],"version-history":[{"count":2,"href":"https:\/\/elinformanteperu.com\/index.php\/wp-json\/wp\/v2\/posts\/56378\/revisions"}],"predecessor-version":[{"id":56396,"href":"https:\/\/elinformanteperu.com\/index.php\/wp-json\/wp\/v2\/posts\/56378\/revisions\/56396"}],"wp:featuredmedia":[{"embeddable":true,"href":"https:\/\/elinformanteperu.com\/index.php\/wp-json\/wp\/v2\/media\/56379"}],"wp:attachment":[{"href":"https:\/\/elinformanteperu.com\/index.php\/wp-json\/wp\/v2\/media?parent=56378"}],"wp:term":[{"taxonomy":"category","embeddable":true,"href":"https:\/\/elinformanteperu.com\/index.php\/wp-json\/wp\/v2\/categories?post=56378"},{"taxonomy":"post_tag","embeddable":true,"href":"https:\/\/elinformanteperu.com\/index.php\/wp-json\/wp\/v2\/tags?post=56378"}],"curies":[{"name":"wp","href":"https:\/\/api.w.org\/{rel}","templated":true}]}}