{"id":56370,"date":"2019-09-03T22:47:36","date_gmt":"2019-09-04T03:47:36","guid":{"rendered":"http:\/\/elinformanteperu.com\/?p=56370"},"modified":"2019-09-03T23:52:53","modified_gmt":"2019-09-04T04:52:53","slug":"pleno-del-congreso-aprueba-suspender-por-60-dias-a-yesenia-ponce","status":"publish","type":"post","link":"https:\/\/elinformanteperu.com\/index.php\/2019\/09\/03\/pleno-del-congreso-aprueba-suspender-por-60-dias-a-yesenia-ponce\/","title":{"rendered":"Pleno del Congreso aprueba suspender por 60 d\u00edas a Yesenia Ponce"},"content":{"rendered":"<p><strong><span style=\"color: #000000;\">El pleno del Congreso aprob\u00f3 por mayor\u00eda el informe final de la Comisi\u00f3n de \u00c9tica que recomienda suspender a la congresista Yesenia Ponce por 60 d\u00edas.<\/span><\/strong><\/p>\n<p><span style=\"color: #000000;\"><strong>Lima, 03 Septiembre 2019, (ANDINA).-<\/strong> El pleno del Congreso aprob\u00f3 por mayor\u00eda el informe final de la Comisi\u00f3n de \u00c9tica que recomienda suspender a la congresista Yesenia Ponce por 60 d\u00edas.<\/span><\/p>\n<p><span style=\"color: #000000;\">El informe obtuvo 58 votos a favor, cuatro en contra y 32 abstenciones. Antes de la votaci\u00f3n, el pleno rechaz\u00f3 una cuesti\u00f3n previa presentada por Ponce para que el documento retorne a \u00c9tica.<\/span><\/p>\n<p><span style=\"color: #000000;\">A Ponce se le atribuye haber faltado a la verdad a la comisi\u00f3n al negar que vivi\u00f3 en el inmueble ubicado en la avenida Del Pinar 520, de la urbanizaci\u00f3n Chacarilla del Estanque, con lo cual infringi\u00f3 el art\u00edculo 2 del C\u00f3digo de \u00c9tica Parlamentaria.<\/span><\/p>\n<p><span style=\"color: #000000;\">La comisi\u00f3n recomend\u00f3 una suspensi\u00f3n en el ejercicio del cargo y descuento de los haberes de Ponce por 60 d\u00edas de legislatura, adem\u00e1s de remitir a la Subcomisi\u00f3n de Acusaciones Constitucionales copia de todo lo actuado.<\/span><\/p>\n<p><span style=\"color: #000000;\">[Lea tambi\u00e9n: Del Solar: \u00abNo podemos permitir ning\u00fan retroceso en el futuro de los j\u00f3venes\u00bb]<\/span><\/p>\n<p><span style=\"color: #000000;\">El pleno del Congreso se reuni\u00f3 esta ma\u00f1ana para debatir los informes de la Comisi\u00f3n de \u00c9tica que recomiendan suspender tanto a Ponce (PPK) como a Daniel Salaverry (UR), Mois\u00e9s Mamani (FP) y Roberto Vieira (C21).<\/span><\/p>\n<p><span style=\"color: #000000;\">La sesi\u00f3n est\u00e1 dedicada exclusivamente a ver estos casos, seg\u00fan acuerdo de la Junta de Portavoces.<\/span><\/p>\n<p><iframe title=\"Descargo de Yesenia Ponce tras suspensi\u00f3n por 60 d\u00edas\" width=\"615\" height=\"346\" src=\"https:\/\/www.youtube.com\/embed\/_HI40n5dT7o?feature=oembed\" frameborder=\"0\" allow=\"accelerometer; autoplay; clipboard-write; encrypted-media; gyroscope; picture-in-picture; web-share\" referrerpolicy=\"strict-origin-when-cross-origin\" allowfullscreen><\/iframe><\/p>\n","protected":false},"excerpt":{"rendered":"<p>El pleno del Congreso aprob\u00f3 por mayor\u00eda el informe final de la Comisi\u00f3n de \u00c9tica que recomienda suspender a la congresista Yesenia Ponce por 60 d\u00edas. Lima, 03 Septiembre 2019, (ANDINA).- El pleno del Congreso aprob\u00f3 por mayor\u00eda el informe final de la Comisi\u00f3n de \u00c9tica que recomienda suspender a la congresista Yesenia Ponce por [&hellip;]<\/p>\n","protected":false},"author":1,"featured_media":15614,"comment_status":"open","ping_status":"open","sticky":false,"template":"","format":"standard","meta":{"rop_custom_images_group":[],"rop_custom_messages_group":[],"rop_publish_now":"initial","rop_publish_now_accounts":[],"rop_publish_now_history":[],"rop_publish_now_status":"pending","footnotes":""},"categories":[5],"tags":[192,2147],"class_list":["post-56370","post","type-post","status-publish","format-standard","has-post-thumbnail","hentry","category-actualidad-informativa","tag-congreso","tag-yesenia-ponce"],"_links":{"self":[{"href":"https:\/\/elinformanteperu.com\/index.php\/wp-json\/wp\/v2\/posts\/56370","targetHints":{"allow":["GET"]}}],"collection":[{"href":"https:\/\/elinformanteperu.com\/index.php\/wp-json\/wp\/v2\/posts"}],"about":[{"href":"https:\/\/elinformanteperu.com\/index.php\/wp-json\/wp\/v2\/types\/post"}],"author":[{"embeddable":true,"href":"https:\/\/elinformanteperu.com\/index.php\/wp-json\/wp\/v2\/users\/1"}],"replies":[{"embeddable":true,"href":"https:\/\/elinformanteperu.com\/index.php\/wp-json\/wp\/v2\/comments?post=56370"}],"version-history":[{"count":2,"href":"https:\/\/elinformanteperu.com\/index.php\/wp-json\/wp\/v2\/posts\/56370\/revisions"}],"predecessor-version":[{"id":56392,"href":"https:\/\/elinformanteperu.com\/index.php\/wp-json\/wp\/v2\/posts\/56370\/revisions\/56392"}],"wp:featuredmedia":[{"embeddable":true,"href":"https:\/\/elinformanteperu.com\/index.php\/wp-json\/wp\/v2\/media\/15614"}],"wp:attachment":[{"href":"https:\/\/elinformanteperu.com\/index.php\/wp-json\/wp\/v2\/media?parent=56370"}],"wp:term":[{"taxonomy":"category","embeddable":true,"href":"https:\/\/elinformanteperu.com\/index.php\/wp-json\/wp\/v2\/categories?post=56370"},{"taxonomy":"post_tag","embeddable":true,"href":"https:\/\/elinformanteperu.com\/index.php\/wp-json\/wp\/v2\/tags?post=56370"}],"curies":[{"name":"wp","href":"https:\/\/api.w.org\/{rel}","templated":true}]}}