{"id":56324,"date":"2019-09-03T20:41:01","date_gmt":"2019-09-04T01:41:01","guid":{"rendered":"http:\/\/elinformanteperu.com\/?p=56324"},"modified":"2019-09-03T20:41:01","modified_gmt":"2019-09-04T01:41:01","slug":"peruano-ivan-bulos-jugara-por-el-hajduk-de-croacia","status":"publish","type":"post","link":"https:\/\/elinformanteperu.com\/index.php\/2019\/09\/03\/peruano-ivan-bulos-jugara-por-el-hajduk-de-croacia\/","title":{"rendered":"Peruano Iv\u00e1n Bulos jugar\u00e1 por el Hajduk de Croacia"},"content":{"rendered":"<p><strong><span style=\"color: #000000;\">El internacional peruano Iv\u00e1n Bulos Guerrero ha fichado por el Hajduk, de la ciudad croata de Split, al que llega para reforzar la delantera.<\/span><\/strong><\/p>\n<p><span style=\"color: #000000;\"><strong>Zagreb, 03 Septiembre 2019, (ANDINA).-<\/strong> El internacional peruano Iv\u00e1n Bulos Guerrero ha fichado por el Hajduk, de la ciudad croata de Split, al que llega para reforzar la delantera, inform\u00f3 el club.<\/span><\/p>\n<p><span style=\"color: #000000;\">\u00abEstuve en el derbi (con el Dinamo Zagreb) hace unos d\u00edas y sent\u00ed desde las gradas la incre\u00edble pasi\u00f3n y emoci\u00f3n. Quiero ser parte de este club, justificar su confianza y ayudar al equipo a lograr buenos resultados\u00bb, coment\u00f3 Bulos, seg\u00fan publica hoy el diario deportivo croata Sportske novosti.<\/span><\/p>\n<p><span style=\"color: #000000;\">\u00abCon la llegada de Bulos (&#8230;) hemos definido el equipo para la pr\u00f3xima etapa. Se trata de un jugador que mejorar\u00e1 nuestro ataque\u00bb, coment\u00f3 el director deportivo del equipo, Sasa Bjelanovic, a ese medio.<\/span><\/p>\n<p><span style=\"color: #000000;\">Bulos, de 26 a\u00f1os, ha jugado en los peruanos Sporting Cristal y Universitario de Deportes, los belgas Standard Lieja y Saint Truiden, el Boavista portugu\u00e9s y el O&#8217;Higgins de Chile.<\/span><\/p>\n<p><span style=\"color: #000000;\">La pasada temporada jug\u00f3 en el Deportivo Municipal de Lima, desde donde ha pasado al club croata con un contrato por una temporada, con la posibilidad de renovaci\u00f3n por otra m\u00e1s.<\/span><\/p>\n<p><span style=\"color: #000000;\">Bulos, el primer peruano que juega en el Hajduk, tiene or\u00edgenes croatas, ya que su abuela naci\u00f3 en Rijeka.<\/span><\/p>\n<p><img fetchpriority=\"high\" decoding=\"async\" class=\"aligncenter size-full wp-image-16548\" src=\"http:\/\/elinformanteperu.com\/wp-content\/uploads\/2017\/10\/ivan-bulos.jpg\" alt=\"\" width=\"1800\" height=\"1200\" srcset=\"https:\/\/elinformanteperu.com\/wp-content\/uploads\/2017\/10\/ivan-bulos.jpg 1800w, https:\/\/elinformanteperu.com\/wp-content\/uploads\/2017\/10\/ivan-bulos-300x200.jpg 300w, https:\/\/elinformanteperu.com\/wp-content\/uploads\/2017\/10\/ivan-bulos-768x512.jpg 768w, https:\/\/elinformanteperu.com\/wp-content\/uploads\/2017\/10\/ivan-bulos-1024x683.jpg 1024w, https:\/\/elinformanteperu.com\/wp-content\/uploads\/2017\/10\/ivan-bulos-128x85.jpg 128w, https:\/\/elinformanteperu.com\/wp-content\/uploads\/2017\/10\/ivan-bulos-32x21.jpg 32w\" sizes=\"(max-width: 1800px) 100vw, 1800px\" \/><\/p>\n","protected":false},"excerpt":{"rendered":"<p>El internacional peruano Iv\u00e1n Bulos Guerrero ha fichado por el Hajduk, de la ciudad croata de Split, al que llega para reforzar la delantera. Zagreb, 03 Septiembre 2019, (ANDINA).- El internacional peruano Iv\u00e1n Bulos Guerrero ha fichado por el Hajduk, de la ciudad croata de Split, al que llega para reforzar la delantera, inform\u00f3 el [&hellip;]<\/p>\n","protected":false},"author":1,"featured_media":56325,"comment_status":"open","ping_status":"open","sticky":false,"template":"","format":"standard","meta":{"rop_custom_images_group":[],"rop_custom_messages_group":[],"rop_publish_now":"initial","rop_publish_now_accounts":[],"rop_publish_now_history":[],"rop_publish_now_status":"pending","footnotes":""},"categories":[8],"tags":[1152],"class_list":["post-56324","post","type-post","status-publish","format-standard","has-post-thumbnail","hentry","category-disciplinas-deportivas","tag-ivan-bulos"],"_links":{"self":[{"href":"https:\/\/elinformanteperu.com\/index.php\/wp-json\/wp\/v2\/posts\/56324","targetHints":{"allow":["GET"]}}],"collection":[{"href":"https:\/\/elinformanteperu.com\/index.php\/wp-json\/wp\/v2\/posts"}],"about":[{"href":"https:\/\/elinformanteperu.com\/index.php\/wp-json\/wp\/v2\/types\/post"}],"author":[{"embeddable":true,"href":"https:\/\/elinformanteperu.com\/index.php\/wp-json\/wp\/v2\/users\/1"}],"replies":[{"embeddable":true,"href":"https:\/\/elinformanteperu.com\/index.php\/wp-json\/wp\/v2\/comments?post=56324"}],"version-history":[{"count":1,"href":"https:\/\/elinformanteperu.com\/index.php\/wp-json\/wp\/v2\/posts\/56324\/revisions"}],"predecessor-version":[{"id":56326,"href":"https:\/\/elinformanteperu.com\/index.php\/wp-json\/wp\/v2\/posts\/56324\/revisions\/56326"}],"wp:featuredmedia":[{"embeddable":true,"href":"https:\/\/elinformanteperu.com\/index.php\/wp-json\/wp\/v2\/media\/56325"}],"wp:attachment":[{"href":"https:\/\/elinformanteperu.com\/index.php\/wp-json\/wp\/v2\/media?parent=56324"}],"wp:term":[{"taxonomy":"category","embeddable":true,"href":"https:\/\/elinformanteperu.com\/index.php\/wp-json\/wp\/v2\/categories?post=56324"},{"taxonomy":"post_tag","embeddable":true,"href":"https:\/\/elinformanteperu.com\/index.php\/wp-json\/wp\/v2\/tags?post=56324"}],"curies":[{"name":"wp","href":"https:\/\/api.w.org\/{rel}","templated":true}]}}