{"id":56241,"date":"2019-09-02T22:05:23","date_gmt":"2019-09-03T03:05:23","guid":{"rendered":"http:\/\/elinformanteperu.com\/?p=56241"},"modified":"2019-09-02T22:05:23","modified_gmt":"2019-09-03T03:05:23","slug":"muy-pronto-nueva-cinta-nacional-pixeles-de-familia","status":"publish","type":"post","link":"https:\/\/elinformanteperu.com\/index.php\/2019\/09\/02\/muy-pronto-nueva-cinta-nacional-pixeles-de-familia\/","title":{"rendered":"Muy pronto, nueva cinta nacional, &#8216;P\u00edxeles de Familia&#8217;"},"content":{"rendered":"<p><strong><span style=\"color: #000000;\">Esta pel\u00edcula peruana es la ganadora del premio producci\u00f3n y distribuci\u00f3n de la DAFO 2018. P\u00edxeles de Familia, llega a nuestras salas este 10 de octubre.<\/span><\/strong><\/p>\n<p><span style=\"color: #000000;\"><strong>Lima, 02 Septiembre 2019, (El Informante Per\u00fa).-<\/strong> \u00bfQu\u00e9 tan unido eres a tu familia? Esa es la premisa de esta pel\u00edcula peruana, \u00f3pera prima del director Gerardo Ruiz-Mi\u00f1\u00e1n que llega a los cines este 10 de octubre. La soledad, la desconexi\u00f3n familiar y las crisis personales son algunos de los temas que aborda este filme producido por Musquchay Films.<\/span><\/p>\n<p><span style=\"color: #000000;\">El filme cuenta la historia de una familia lime\u00f1a, cuya rutina se ve alterada por circunstancias que pueden sucederle a cualquiera. M\u00f3nica (Wendy V\u00e1squez) vive con su esposo Polo (Paul Vega), su peque\u00f1a hija Macarena y su perro Duque en una zona de clase media alta. La madre debe afrontar un tema delicado relacionado a la ni\u00f1a, mientras que Polo va a un psicoterapeuta por primera vez.<\/span><\/p>\n<p><span style=\"color: #000000;\">Carmela (Yvonne Frayssinet), mam\u00e1 de M\u00f3nica, vive con su hijo menor, \u2018Bicho\u2019 (Sergio Gjurinovic), que tiene la posibilidad de irse al extranjero con una beca deportiva que podr\u00eda cambiarle la vida. Luc\u00eda (Lizet Ch\u00e1vez), la hija del medio, vive con su pareja, pero tiene que tomar una decisi\u00f3n para reafirmarse como bailarina.<\/span><\/p>\n<p><img fetchpriority=\"high\" decoding=\"async\" class=\"aligncenter  wp-image-56244\" src=\"http:\/\/elinformanteperu.com\/wp-content\/uploads\/2019\/09\/pixeles-de-familia1.jpg\" alt=\"\" width=\"331\" height=\"471\" srcset=\"https:\/\/elinformanteperu.com\/wp-content\/uploads\/2019\/09\/pixeles-de-familia1.jpg 364w, https:\/\/elinformanteperu.com\/wp-content\/uploads\/2019\/09\/pixeles-de-familia1-211x300.jpg 211w, https:\/\/elinformanteperu.com\/wp-content\/uploads\/2019\/09\/pixeles-de-familia1-90x128.jpg 90w, https:\/\/elinformanteperu.com\/wp-content\/uploads\/2019\/09\/pixeles-de-familia1-22x32.jpg 22w\" sizes=\"(max-width: 331px) 100vw, 331px\" \/><span style=\"color: #000000;\">Este filme est\u00e1 dirigido por Gerardo Ruiz Mi\u00f1\u00e1n, director y guionista con trayectoria en el campo cinematogr\u00e1fico, televisivo, teatral y publicitario. Sus cortometrajes han sido premiados en festivales nacionales e internacionales, uno de ellos fue finalista en el Festival de Cine de Sundance.<\/span><\/p>\n<p><span style=\"color: #000000;\">Asimismo, ha escrito y coescrito diversas series televisivas transmitidas a nivel local y en el extranjero, con reconocidas productoras como Del Barrio Producciones y JC Films, entre ellas, \u00abMi Problema con las Mujeres\u00bb, nominada a un Emmy Internacional por mejor comedia.<\/span><\/p>\n<p><span style=\"color: #000000;\">\u201cEl gui\u00f3n de \u2018P\u00edxeles de Familia\u2019 aborda algunas de sus obsesiones y las explora con mayor profundidad, en una mirada a la din\u00e1mica familiar. Una vez m\u00e1s encontramos el tema del individuo intentando encontrar un balance entre \u00e9l mismo y los dem\u00e1s, y es tratado con inteligencia, iron\u00eda y sensibilidad\u00bb, indica Rodrigo Garc\u00eda Barcha, director y guionista colombiano.<\/span><\/p>\n<p><span style=\"color: #000000;\">P\u00edxeles de Familia, pel\u00edcula peruana, llegar\u00e1 a nuestras salas este 10 de octubre.<\/span><\/p>\n<p><strong><span style=\"color: #000000;\">Sinopsis<\/span><\/strong><\/p>\n<p><span style=\"color: #000000;\">Un p\u00edxel solo es un punto en medio de la nada, necesita estar al lado de otros para entender por qu\u00e9 es como es. Algo similar ocurre con los integrantes de esta familia, que ha perdido el rumbo de reencuentro. Un repentino accidente podr\u00eda volverlos a unir en el aspecto f\u00edsico, \u00bflo har\u00e1 tambi\u00e9n en el emocional o ser\u00e1 demasiado tarde para ellos?<\/span><\/p>\n<p><strong><span style=\"color: #000000;\">Ficha T\u00e9cnica<\/span><\/strong><\/p>\n<p><span style=\"color: #000000;\"><strong>T\u00edtulo Original:<\/strong> Pixeles de Familia<\/span><br \/>\n<span style=\"color: #000000;\"><strong>Director:<\/strong> Gerardo Ruiz Mi\u00f1an<\/span><br \/>\n<span style=\"color: #000000;\"><strong>Pa\u00eds:<\/strong> Per\u00fa<\/span><br \/>\n<span style=\"color: #000000;\"><strong>A\u00f1o:<\/strong> 2019<\/span><br \/>\n<span style=\"color: #000000;\"><strong>G\u00e9nero:<\/strong> Drama<\/span><br \/>\n<span style=\"color: #000000;\"><strong>Distribuci\u00f3n:<\/strong> BF Distribution<\/span><br \/>\n<span style=\"color: #000000;\"><strong>Elenco:<\/strong> Paul Vega, Wendy Vasquez, Sergio Gjurinovic e Yvonne Fraysinnet.<\/span><\/p>\n<p><iframe title=\"P\u00edxeles de familia - Trailer Oficial\" width=\"615\" height=\"346\" src=\"https:\/\/www.youtube.com\/embed\/SqrcsIm_MXE?feature=oembed\" frameborder=\"0\" allow=\"accelerometer; autoplay; clipboard-write; encrypted-media; gyroscope; picture-in-picture; web-share\" referrerpolicy=\"strict-origin-when-cross-origin\" allowfullscreen><\/iframe><\/p>\n","protected":false},"excerpt":{"rendered":"<p>Esta pel\u00edcula peruana es la ganadora del premio producci\u00f3n y distribuci\u00f3n de la DAFO 2018. P\u00edxeles de Familia, llega a nuestras salas este 10 de octubre. Lima, 02 Septiembre 2019, (El Informante Per\u00fa).- \u00bfQu\u00e9 tan unido eres a tu familia? Esa es la premisa de esta pel\u00edcula peruana, \u00f3pera prima del director Gerardo Ruiz-Mi\u00f1\u00e1n que [&hellip;]<\/p>\n","protected":false},"author":1,"featured_media":56242,"comment_status":"open","ping_status":"open","sticky":false,"template":"","format":"standard","meta":{"rop_custom_images_group":[],"rop_custom_messages_group":[],"rop_publish_now":"initial","rop_publish_now_accounts":[],"rop_publish_now_history":[],"rop_publish_now_status":"pending","footnotes":""},"categories":[7],"tags":[1807,1626,4822],"class_list":["post-56241","post","type-post","status-publish","format-standard","has-post-thumbnail","hentry","category-butaca","tag-bf-distribution","tag-cine-peruano","tag-pixeles-de-familia"],"_links":{"self":[{"href":"https:\/\/elinformanteperu.com\/index.php\/wp-json\/wp\/v2\/posts\/56241","targetHints":{"allow":["GET"]}}],"collection":[{"href":"https:\/\/elinformanteperu.com\/index.php\/wp-json\/wp\/v2\/posts"}],"about":[{"href":"https:\/\/elinformanteperu.com\/index.php\/wp-json\/wp\/v2\/types\/post"}],"author":[{"embeddable":true,"href":"https:\/\/elinformanteperu.com\/index.php\/wp-json\/wp\/v2\/users\/1"}],"replies":[{"embeddable":true,"href":"https:\/\/elinformanteperu.com\/index.php\/wp-json\/wp\/v2\/comments?post=56241"}],"version-history":[{"count":1,"href":"https:\/\/elinformanteperu.com\/index.php\/wp-json\/wp\/v2\/posts\/56241\/revisions"}],"predecessor-version":[{"id":56245,"href":"https:\/\/elinformanteperu.com\/index.php\/wp-json\/wp\/v2\/posts\/56241\/revisions\/56245"}],"wp:featuredmedia":[{"embeddable":true,"href":"https:\/\/elinformanteperu.com\/index.php\/wp-json\/wp\/v2\/media\/56242"}],"wp:attachment":[{"href":"https:\/\/elinformanteperu.com\/index.php\/wp-json\/wp\/v2\/media?parent=56241"}],"wp:term":[{"taxonomy":"category","embeddable":true,"href":"https:\/\/elinformanteperu.com\/index.php\/wp-json\/wp\/v2\/categories?post=56241"},{"taxonomy":"post_tag","embeddable":true,"href":"https:\/\/elinformanteperu.com\/index.php\/wp-json\/wp\/v2\/tags?post=56241"}],"curies":[{"name":"wp","href":"https:\/\/api.w.org\/{rel}","templated":true}]}}