{"id":56225,"date":"2019-09-02T20:09:05","date_gmt":"2019-09-03T01:09:05","guid":{"rendered":"http:\/\/elinformanteperu.com\/?p=56225"},"modified":"2019-09-02T20:09:05","modified_gmt":"2019-09-03T01:09:05","slug":"actrices-sonia-oquendo-y-pilar-brescia-protagonizan-comedia-teatral-en-las-nubes","status":"publish","type":"post","link":"https:\/\/elinformanteperu.com\/index.php\/2019\/09\/02\/actrices-sonia-oquendo-y-pilar-brescia-protagonizan-comedia-teatral-en-las-nubes\/","title":{"rendered":"Actrices Sonia Oquendo y Pilar Brescia protagonizan comedia teatral \u201cEn las nubes\u201d"},"content":{"rendered":"<p><strong><span style=\"color: #000000;\">Se presentar\u00e1 los viernes y s\u00e1bados a las 8 y 30 de la noche, desde el 13 setiembre hasta el 05 de octubre, en el auditorio UCAL, en La Molina<\/span><\/strong><\/p>\n<p><span style=\"color: #000000;\"><strong>Lima, 02 Septiembre 2019, (El Informante Per\u00fa).-<\/strong> Las primeras actrices Sonia Oquendo y Pilar Brescia junto a Pedro Ol\u00f3rtegui y Paola Mi\u00f1\u00e1n forman parte del elenco de la obra teatral \u201cEn las nubes\u201d, comedia escrita por Madeleine Marion M. y dirigida por Cristhian Palomino, que se presentar\u00e1 desde el viernes 13 de setiembre al 05 de octubre a las 8 y 30 de la noche en el auditorio UCAL, en La Molina.<\/span><\/p>\n<p><span style=\"color: #000000;\">Magda y Pocha son dos grandes amigas que, desde j\u00f3venes, eligieron destinos diferentes: mientras una decidi\u00f3 ser prostituta, la otra fue monja; y aunque sus madres se opusieron a esas ocupaciones, ambas llevaron una vida plena hasta su retiro continuando con su amistad.<\/span><\/p>\n<p><span style=\"color: #000000;\">Sin embargo, durante la celebraci\u00f3n del cumplea\u00f1os n\u00famero 71, un inesperado accidente hace que ambas despierten sentadas sobre una nube frente a las puertas del cielo, esperando que las hagan pasar. En ese momento surgir\u00e1 la pregunta: \u00bfser\u00e1n ambas \u2018merecedoras\u2019 del ansiado ingreso?<\/span><\/p>\n<p><span style=\"color: #000000;\">\u201cEn las nubes\u201d va los viernes y s\u00e1bados a las 8 y 30 de la noche, del 13 de setiembre al 05 de octubre del 2019, en el auditorio UCAL &#8211; Universidad de Ciencias y Artes de Am\u00e9rica Latina (Avenida La Molina 3755 &#8211; La Molina). Las entradas est\u00e1n a la venta a trav\u00e9s de la p\u00e1gina de Facebook: \u201cEn las nubes &#8211; obra de teatro\u201d o en atrapalo.pe a 40 soles (general), 25 soles (estudiantes, jubilados y comunidad UCAL).<\/span><\/p>\n<p><img fetchpriority=\"high\" decoding=\"async\" class=\"aligncenter  wp-image-56227\" src=\"http:\/\/elinformanteperu.com\/wp-content\/uploads\/2019\/09\/sonia-y-pilar1.jpg\" alt=\"\" width=\"357\" height=\"357\" srcset=\"https:\/\/elinformanteperu.com\/wp-content\/uploads\/2019\/09\/sonia-y-pilar1.jpg 508w, https:\/\/elinformanteperu.com\/wp-content\/uploads\/2019\/09\/sonia-y-pilar1-150x150.jpg 150w, https:\/\/elinformanteperu.com\/wp-content\/uploads\/2019\/09\/sonia-y-pilar1-300x300.jpg 300w, https:\/\/elinformanteperu.com\/wp-content\/uploads\/2019\/09\/sonia-y-pilar1-128x128.jpg 128w, https:\/\/elinformanteperu.com\/wp-content\/uploads\/2019\/09\/sonia-y-pilar1-32x32.jpg 32w, https:\/\/elinformanteperu.com\/wp-content\/uploads\/2019\/09\/sonia-y-pilar1-60x60.jpg 60w, https:\/\/elinformanteperu.com\/wp-content\/uploads\/2019\/09\/sonia-y-pilar1-50x50.jpg 50w\" sizes=\"(max-width: 357px) 100vw, 357px\" \/><\/p>\n","protected":false},"excerpt":{"rendered":"<p>Se presentar\u00e1 los viernes y s\u00e1bados a las 8 y 30 de la noche, desde el 13 setiembre hasta el 05 de octubre, en el auditorio UCAL, en La Molina Lima, 02 Septiembre 2019, (El Informante Per\u00fa).- Las primeras actrices Sonia Oquendo y Pilar Brescia junto a Pedro Ol\u00f3rtegui y Paola Mi\u00f1\u00e1n forman parte del [&hellip;]<\/p>\n","protected":false},"author":1,"featured_media":56226,"comment_status":"open","ping_status":"open","sticky":false,"template":"","format":"standard","meta":{"rop_custom_images_group":[],"rop_custom_messages_group":[],"rop_publish_now":"initial","rop_publish_now_accounts":[],"rop_publish_now_history":[],"rop_publish_now_status":"pending","footnotes":""},"categories":[70],"tags":[4821,4820],"class_list":["post-56225","post","type-post","status-publish","format-standard","has-post-thumbnail","hentry","category-farandula","tag-pilar-brescia","tag-sonia-oquendo"],"_links":{"self":[{"href":"https:\/\/elinformanteperu.com\/index.php\/wp-json\/wp\/v2\/posts\/56225","targetHints":{"allow":["GET"]}}],"collection":[{"href":"https:\/\/elinformanteperu.com\/index.php\/wp-json\/wp\/v2\/posts"}],"about":[{"href":"https:\/\/elinformanteperu.com\/index.php\/wp-json\/wp\/v2\/types\/post"}],"author":[{"embeddable":true,"href":"https:\/\/elinformanteperu.com\/index.php\/wp-json\/wp\/v2\/users\/1"}],"replies":[{"embeddable":true,"href":"https:\/\/elinformanteperu.com\/index.php\/wp-json\/wp\/v2\/comments?post=56225"}],"version-history":[{"count":1,"href":"https:\/\/elinformanteperu.com\/index.php\/wp-json\/wp\/v2\/posts\/56225\/revisions"}],"predecessor-version":[{"id":56228,"href":"https:\/\/elinformanteperu.com\/index.php\/wp-json\/wp\/v2\/posts\/56225\/revisions\/56228"}],"wp:featuredmedia":[{"embeddable":true,"href":"https:\/\/elinformanteperu.com\/index.php\/wp-json\/wp\/v2\/media\/56226"}],"wp:attachment":[{"href":"https:\/\/elinformanteperu.com\/index.php\/wp-json\/wp\/v2\/media?parent=56225"}],"wp:term":[{"taxonomy":"category","embeddable":true,"href":"https:\/\/elinformanteperu.com\/index.php\/wp-json\/wp\/v2\/categories?post=56225"},{"taxonomy":"post_tag","embeddable":true,"href":"https:\/\/elinformanteperu.com\/index.php\/wp-json\/wp\/v2\/tags?post=56225"}],"curies":[{"name":"wp","href":"https:\/\/api.w.org\/{rel}","templated":true}]}}