{"id":56221,"date":"2019-09-01T13:37:39","date_gmt":"2019-09-01T18:37:39","guid":{"rendered":"http:\/\/elinformanteperu.com\/?p=56221"},"modified":"2019-09-01T13:37:39","modified_gmt":"2019-09-01T18:37:39","slug":"piden-a-jueces-alejarse-de-acuerdo-que-considera-agresion-a-policias-solo-como-falta","status":"publish","type":"post","link":"https:\/\/elinformanteperu.com\/index.php\/2019\/09\/01\/piden-a-jueces-alejarse-de-acuerdo-que-considera-agresion-a-policias-solo-como-falta\/","title":{"rendered":"Piden a jueces alejarse de acuerdo que considera agresi\u00f3n a polic\u00edas solo como falta"},"content":{"rendered":"<p><strong><span style=\"color: #000000;\">El defensor legal (PNP), M\u00e1ximo Ram\u00edrez, solicit\u00f3 a los jueces apartarse del acuerdo adoptado que considera la agresi\u00f3n a polic\u00edas solo como una falta y no un delito.<\/span><\/strong><\/p>\n<p><span style=\"color: #000000;\"><strong>Lima, 01 Septiembre 2019, (ANDINA).-<\/strong> El defensor legal de la Polic\u00eda Nacional del Per\u00fa, M\u00e1ximo Ram\u00edrez, solicit\u00f3 a los jueces apartarse del acuerdo adoptado en el pleno extraordinario del Poder Judicial que considera la agresi\u00f3n a polic\u00edas solo como una falta y no un delito.<\/span><\/p>\n<p><span style=\"color: #000000;\">Sostuvo que el acuerdo de 2016 , que estableci\u00f3 penas m\u00ednimas para el delito de violencia y resistencia contra la autoridad policial, no ayuda en el prop\u00f3sito del Ministerio del Interior de tolerancia cero contra las agresiones a polic\u00edas.<\/span><\/p>\n<p><span style=\"color: #000000;\">\u00ab(El acuerdo) se\u00f1ala que empujar, escupir, insultar, o romperle el uniforme a un polic\u00eda no es delito, sino una falta\u00bb, indic\u00f3 TV Per\u00fa.<\/span><\/p>\n<p><span style=\"color: #000000;\">En esos casos, refiri\u00f3, las penas no pueden ser mayores a 3 a\u00f1os lo que significa que ninguno de los agresores va preso, seg\u00fan el acuerdo.<\/span><\/p>\n<p><span style=\"color: #000000;\">Indic\u00f3 que aun cuando el acuerdo del pleno extraordinario es de cumplimiento, los jueces, que tienen autonom\u00eda, pueden apartarse del mismo y aplicar el C\u00f3digo Penal.<\/span><\/p>\n<p><span style=\"color: #000000;\">\u201cInvocamos a que dejen sin efecto el documento que va en contra del C\u00f3digo Penal\u201d, afirm\u00f3.<\/span><\/p>\n<p><span style=\"color: #000000;\">Sostuvo que los agresores de los polic\u00edas deben saber que ante una situaci\u00f3n de este tipo la Polic\u00eda Nacional defender\u00e1 a sus efectivos y detendr\u00e1 a los responsables.<\/span><\/p>\n<p><span style=\"color: #000000;\">\u201cQueremos que esto cese, no le hace bien a la ciudadan\u00eda, al pa\u00eds\u201d, afirm\u00f3.<\/span><\/p>\n<p><span style=\"color: #000000;\">Coment\u00f3 adem\u00e1s que el fiscal de San Borja solicit\u00f3 9 a\u00f1os de prisi\u00f3n para el conductor de una combi que intent\u00f3 atropellar al suboficial Elvis David Huaman\u00ed Gonz\u00e1les, tras resistirse a una intervenci\u00f3n.<\/span><\/p>\n<p><span style=\"color: #000000;\">\u201cEso es lo que corresponde, quisiera invocar al fiscal que act\u00fae de manera correcta y al Poder Judicial a que se aparten del acuerdo plenario\u201d, apunt\u00f3.<\/span><\/p>\n","protected":false},"excerpt":{"rendered":"<p>El defensor legal (PNP), M\u00e1ximo Ram\u00edrez, solicit\u00f3 a los jueces apartarse del acuerdo adoptado que considera la agresi\u00f3n a polic\u00edas solo como una falta y no un delito. Lima, 01 Septiembre 2019, (ANDINA).- El defensor legal de la Polic\u00eda Nacional del Per\u00fa, M\u00e1ximo Ram\u00edrez, solicit\u00f3 a los jueces apartarse del acuerdo adoptado en el pleno [&hellip;]<\/p>\n","protected":false},"author":1,"featured_media":33046,"comment_status":"open","ping_status":"open","sticky":false,"template":"","format":"standard","meta":{"rop_custom_images_group":[],"rop_custom_messages_group":[],"rop_publish_now":"initial","rop_publish_now_accounts":[],"rop_publish_now_history":[],"rop_publish_now_status":"pending","footnotes":""},"categories":[5],"tags":[163,281],"class_list":["post-56221","post","type-post","status-publish","format-standard","has-post-thumbnail","hentry","category-actualidad-informativa","tag-poder-judicial","tag-policia-nacional"],"_links":{"self":[{"href":"https:\/\/elinformanteperu.com\/index.php\/wp-json\/wp\/v2\/posts\/56221","targetHints":{"allow":["GET"]}}],"collection":[{"href":"https:\/\/elinformanteperu.com\/index.php\/wp-json\/wp\/v2\/posts"}],"about":[{"href":"https:\/\/elinformanteperu.com\/index.php\/wp-json\/wp\/v2\/types\/post"}],"author":[{"embeddable":true,"href":"https:\/\/elinformanteperu.com\/index.php\/wp-json\/wp\/v2\/users\/1"}],"replies":[{"embeddable":true,"href":"https:\/\/elinformanteperu.com\/index.php\/wp-json\/wp\/v2\/comments?post=56221"}],"version-history":[{"count":1,"href":"https:\/\/elinformanteperu.com\/index.php\/wp-json\/wp\/v2\/posts\/56221\/revisions"}],"predecessor-version":[{"id":56222,"href":"https:\/\/elinformanteperu.com\/index.php\/wp-json\/wp\/v2\/posts\/56221\/revisions\/56222"}],"wp:featuredmedia":[{"embeddable":true,"href":"https:\/\/elinformanteperu.com\/index.php\/wp-json\/wp\/v2\/media\/33046"}],"wp:attachment":[{"href":"https:\/\/elinformanteperu.com\/index.php\/wp-json\/wp\/v2\/media?parent=56221"}],"wp:term":[{"taxonomy":"category","embeddable":true,"href":"https:\/\/elinformanteperu.com\/index.php\/wp-json\/wp\/v2\/categories?post=56221"},{"taxonomy":"post_tag","embeddable":true,"href":"https:\/\/elinformanteperu.com\/index.php\/wp-json\/wp\/v2\/tags?post=56221"}],"curies":[{"name":"wp","href":"https:\/\/api.w.org\/{rel}","templated":true}]}}