{"id":56219,"date":"2019-09-01T13:35:03","date_gmt":"2019-09-01T18:35:03","guid":{"rendered":"http:\/\/elinformanteperu.com\/?p=56219"},"modified":"2019-09-01T13:35:03","modified_gmt":"2019-09-01T18:35:03","slug":"heriberto-benitez-alejandro-toledo-no-esta-profugo-esta-fuera-del-pais","status":"publish","type":"post","link":"https:\/\/elinformanteperu.com\/index.php\/2019\/09\/01\/heriberto-benitez-alejandro-toledo-no-esta-profugo-esta-fuera-del-pais\/","title":{"rendered":"Heriberto Ben\u00edtez: Alejandro Toledo no est\u00e1 pr\u00f3fugo, est\u00e1 fuera del pa\u00eds"},"content":{"rendered":"<p><strong><span style=\"color: #000000;\">El expresidente Alejandro Toledo no es un pr\u00f3fugo de la justicia, est\u00e1 fuera del pa\u00eds, asegur\u00f3 el abogado Heriberto Ben\u00edtez, defensor legal del exmandatario.<\/span><\/strong><\/p>\n<p><span style=\"color: #000000;\"><strong>Lima, 01 Septiembre 2019, (ANDINA).-<\/strong> El expresidente Alejandro Toledo no es un pr\u00f3fugo de la justicia, est\u00e1 fuera del pa\u00eds, asegur\u00f3 el abogado Heriberto Ben\u00edtez, defensor legal del exmandatario peruano en proceso de extradici\u00f3n desde Estados Unidos.<\/span><\/p>\n<p><span style=\"color: #000000;\">Argument\u00f3 su particular \u201clectura t\u00e9cnica\u201d de la situaci\u00f3n legal de su patrocinado en el hecho de que cuando el exmandatario sali\u00f3 del pa\u00eds no ten\u00eda vigente una orden de captura.<\/span><\/p>\n<p><span style=\"color: #000000;\">\u201cYo dir\u00eda que est\u00e1 fuera del pa\u00eds, es la lectura t\u00e9cnica que le doy, el Ministerio P\u00fablico y los procuradores seguramente no coinciden con eso\u201d, asever\u00f3 en Radio Nacional.<\/span><\/p>\n<p><span style=\"color: #000000;\">Dijo que su patrocinado no viene al pa\u00eds no porque tenga miedo, sino porque no hay garant\u00edas para que enfrente las investigaciones en su contra por el caso Ecoteva y el pago de coimas de la empresa Odebrecht por la carretera Interoce\u00e1nica.<\/span><\/p>\n<p><span style=\"color: #000000;\">En su opini\u00f3n, al expresidente le han dado una prisi\u00f3n preventiva sin escucharlo, lo que representa una condena anticipada.<\/span><\/p>\n<p><span style=\"color: #000000;\">Indic\u00f3 que el proceso de extradici\u00f3n en Estados Unidos en contra de su patrocinado se encuentra en una primera etapa, de revisi\u00f3n de peligro procesal, tras lo cual se pasar\u00e1 al tema de fondo del pedido de extradici\u00f3n.<\/span><\/p>\n<p><span style=\"color: #000000;\">Ben\u00edtez refiri\u00f3 tambi\u00e9n que la defensa del expresidente en Estados Unidos entreg\u00f3 al juez precedentes de otros casos en ese pa\u00eds en los cuales se concedi\u00f3 la libertad bajo fianza para casos de mayor gravedad de su patrocinado, por lo que estim\u00f3 como posible que se le conceda la libertad bajo fianza.<\/span><\/p>\n<p><span style=\"color: #000000;\">Respecto al h\u00e1beas corpus denegado por el Tribunal Constitucional (TC) para anular el acuerdo del Consejo de Ministros que pide la extradici\u00f3n de Toledo, Ben\u00edtez consider\u00f3 como lamentable este fallo que no ha valorado los argumentos planteados por la defensa.<\/span><\/p>\n<p><span style=\"color: #000000;\">Indic\u00f3 que la resoluci\u00f3n suprema para la extradici\u00f3n se aprob\u00f3 sin que existe documento de imputaci\u00f3n contra su patrocinado y con vulneraciones al debido proceso.<\/span><\/p>\n<p><span style=\"color: #000000;\">Sostuvo que en el TC todav\u00eda falta resolver un pedido para anular la prisi\u00f3n preventiva contra Alejandro Toledo y su esposa Eliane Karp, ambos investigados por las adquisiciones de propiedades a trav\u00e9s de la empresa Ecoteva, con recursos que ser\u00eda producto del pago de sobornos de la empresa Odebrecht.<\/span><\/p>\n","protected":false},"excerpt":{"rendered":"<p>El expresidente Alejandro Toledo no es un pr\u00f3fugo de la justicia, est\u00e1 fuera del pa\u00eds, asegur\u00f3 el abogado Heriberto Ben\u00edtez, defensor legal del exmandatario. Lima, 01 Septiembre 2019, (ANDINA).- El expresidente Alejandro Toledo no es un pr\u00f3fugo de la justicia, est\u00e1 fuera del pa\u00eds, asegur\u00f3 el abogado Heriberto Ben\u00edtez, defensor legal del exmandatario peruano en [&hellip;]<\/p>\n","protected":false},"author":1,"featured_media":5989,"comment_status":"open","ping_status":"open","sticky":false,"template":"","format":"standard","meta":{"rop_custom_images_group":[],"rop_custom_messages_group":[],"rop_publish_now":"initial","rop_publish_now_accounts":[],"rop_publish_now_history":[],"rop_publish_now_status":"pending","footnotes":""},"categories":[5],"tags":[208,2887,1072],"class_list":["post-56219","post","type-post","status-publish","format-standard","has-post-thumbnail","hentry","category-actualidad-informativa","tag-alejandro-toledo","tag-extradicion-toledo","tag-heriberto-benitez"],"_links":{"self":[{"href":"https:\/\/elinformanteperu.com\/index.php\/wp-json\/wp\/v2\/posts\/56219","targetHints":{"allow":["GET"]}}],"collection":[{"href":"https:\/\/elinformanteperu.com\/index.php\/wp-json\/wp\/v2\/posts"}],"about":[{"href":"https:\/\/elinformanteperu.com\/index.php\/wp-json\/wp\/v2\/types\/post"}],"author":[{"embeddable":true,"href":"https:\/\/elinformanteperu.com\/index.php\/wp-json\/wp\/v2\/users\/1"}],"replies":[{"embeddable":true,"href":"https:\/\/elinformanteperu.com\/index.php\/wp-json\/wp\/v2\/comments?post=56219"}],"version-history":[{"count":1,"href":"https:\/\/elinformanteperu.com\/index.php\/wp-json\/wp\/v2\/posts\/56219\/revisions"}],"predecessor-version":[{"id":56220,"href":"https:\/\/elinformanteperu.com\/index.php\/wp-json\/wp\/v2\/posts\/56219\/revisions\/56220"}],"wp:featuredmedia":[{"embeddable":true,"href":"https:\/\/elinformanteperu.com\/index.php\/wp-json\/wp\/v2\/media\/5989"}],"wp:attachment":[{"href":"https:\/\/elinformanteperu.com\/index.php\/wp-json\/wp\/v2\/media?parent=56219"}],"wp:term":[{"taxonomy":"category","embeddable":true,"href":"https:\/\/elinformanteperu.com\/index.php\/wp-json\/wp\/v2\/categories?post=56219"},{"taxonomy":"post_tag","embeddable":true,"href":"https:\/\/elinformanteperu.com\/index.php\/wp-json\/wp\/v2\/tags?post=56219"}],"curies":[{"name":"wp","href":"https:\/\/api.w.org\/{rel}","templated":true}]}}