{"id":56216,"date":"2019-09-01T13:33:46","date_gmt":"2019-09-01T18:33:46","guid":{"rendered":"http:\/\/elinformanteperu.com\/?p=56216"},"modified":"2019-09-01T13:33:46","modified_gmt":"2019-09-01T18:33:46","slug":"adelanto-de-elecciones-y-cuestion-de-confianza-son-constitucionales","status":"publish","type":"post","link":"https:\/\/elinformanteperu.com\/index.php\/2019\/09\/01\/adelanto-de-elecciones-y-cuestion-de-confianza-son-constitucionales\/","title":{"rendered":"Adelanto de elecciones y cuesti\u00f3n de confianza son constitucionales"},"content":{"rendered":"<p><span style=\"color: #000000;\"><strong>Los constitucionalistas Francisco Eguiguren y Luciano L\u00f3pez coincidieron en se\u00f1alar que la reforma de adelanto de elecciones\u00a0 y la cuesti\u00f3n de confianza son constitucionales.<\/strong><\/span><\/p>\n<p><span style=\"color: #000000;\"><strong>Lima, 01 Septiembre 2019, (ANDINA).-<\/strong> Los constitucionalistas Francisco Eguiguren y Luciano L\u00f3pez coincidieron en se\u00f1alar que la reforma de adelanto de elecciones que present\u00f3 el Ejecutivo al Congreso y una eventual cuesti\u00f3n de confianza por este tema son constitucionales.<\/span><\/p>\n<p><span style=\"color: #000000;\">Eguiguren sostuvo que la Constituci\u00f3n no se\u00f1ala un adelanto de elecciones pero tampoco lo proh\u00edbe, por lo que juzg\u00f3 v\u00e1lido plantear ante el Congreso una reforma para recortar el mandato presidencial y parlamentario.<\/span><\/p>\n<p><span style=\"color: #000000;\">\u201cLa Constituci\u00f3n es la primera norma jur\u00eddica que regula el funcionamiento pol\u00edtico, esto es un problema m\u00e1s pol\u00edtico\u201d, en referencia a la confrontaci\u00f3n que hay entre el Ejecutivo y el Congreso.<\/span><\/p>\n<p><span style=\"color: #000000;\">Refiri\u00f3 que el Ejecutivo, en atribuci\u00f3n de sus facultades, puede presentar una reforma constitucional y solo el Congreso, tambi\u00e9n en funci\u00f3n de sus atribuciones, puede aprobarla o desestimarla con o sin una cuesti\u00f3n de confianza.<\/span><\/p>\n<p><span style=\"color: #000000;\">Tambi\u00e9n consider\u00f3 constitucional que el Ejecutivo presente una cuesti\u00f3n de confianza al Congreso, petici\u00f3n que el Parlamento resolver\u00e1 en funci\u00f3n de su autonom\u00eda.<\/span><\/p>\n<p><span style=\"color: #000000;\">Record\u00f3 que en el 2000, tras la crisis en el gobierno de Alberto Fujimori y los \u201cvladivideos\u201d, se plante\u00f3 una reforma constitucional para recortar el mandato presidencial y del Parlamento.<\/span><\/p>\n<p><span style=\"color: #000000;\">\u201cSe hizo en el 2000, \u00bfpor qu\u00e9 no se hace ahora si hay una crisis pol\u00edtica?, hay que hacerlo, pero de acuerdo a la Constituci\u00f3n\u201d, refiri\u00f3.<\/span><\/p>\n<p><span style=\"color: #000000;\">Coment\u00f3, adem\u00e1s, que el Ejecutivo ya present\u00f3 al Congreso una cuesti\u00f3n de confianza sobre reformas constitucionales como la bicameralidad y otras de la reforma de justicia, las mismas que fueron aprobadas en el Legislativo y sometidas a refer\u00e9ndum.<\/span><\/p>\n<p><span style=\"color: #000000;\">El gabinete de Salvador del Solar tambi\u00e9n present\u00f3 un paquete de proyectos de ley y reformas constitucionales en la reforma pol\u00edtica con una cuesti\u00f3n de confianza, agreg\u00f3.<\/span><\/p>\n<p><span style=\"color: #000000;\">\u201cAlgunas voces dijeron &#8216;no se puede&#8217; y el Congreso las aprob\u00f3, \u00bfpor qu\u00e9 ahora cambia de opini\u00f3n respecto a las reformas constitucionales?\u201d, se pregunt\u00f3.<\/span><\/p>\n<p><span style=\"color: #000000;\">El constitucionalista Luciano L\u00f3pez, asimismo, opin\u00f3 que la reforma constitucional es una iniciativa del Presidente de la Rep\u00fablica, con acuerdo del Consejo de Ministros, lo mismo que la cuesti\u00f3n de confianza.<\/span><\/p>\n<p><span style=\"color: #000000;\">\u201cLa sentencia del Tribunal Constitucional reconoce que la cuesti\u00f3n de confianza se presenta en amplia forma. Puede ser sobre proyectos de reforma constitucional y, si no se aprueba, se puede presentar una cuesti\u00f3n de confianza\u201d, afirm\u00f3 en RPP.<\/span><\/p>\n<p><span style=\"color: #000000;\">Consider\u00f3 tambi\u00e9n como un antecedente una reforma constitucional aprobada en el Congreso del recorte de mandato presidencial y parlamentario y el adelanto de elecciones en el 2000.<\/span><\/p>\n<p><span style=\"color: #000000;\">Sostuvo que en paralelo los actores pol\u00edticos podr\u00edan mostrar voluntad para salir del \u00abentrampamiento\u00bb con la propuesta que formul\u00f3 uno de los actores, pero observ\u00f3 que no ve con nitidez voluntad alguna para ponerse de acuerdo en el Congreso.<\/span><\/p>\n","protected":false},"excerpt":{"rendered":"<p>Los constitucionalistas Francisco Eguiguren y Luciano L\u00f3pez coincidieron en se\u00f1alar que la reforma de adelanto de elecciones\u00a0 y la cuesti\u00f3n de confianza son constitucionales. Lima, 01 Septiembre 2019, (ANDINA).- Los constitucionalistas Francisco Eguiguren y Luciano L\u00f3pez coincidieron en se\u00f1alar que la reforma de adelanto de elecciones que present\u00f3 el Ejecutivo al Congreso y una eventual [&hellip;]<\/p>\n","protected":false},"author":1,"featured_media":56217,"comment_status":"open","ping_status":"open","sticky":false,"template":"","format":"standard","meta":{"rop_custom_images_group":[],"rop_custom_messages_group":[],"rop_publish_now":"initial","rop_publish_now_accounts":[],"rop_publish_now_history":[],"rop_publish_now_status":"pending","footnotes":""},"categories":[5],"tags":[192,4819,4207],"class_list":["post-56216","post","type-post","status-publish","format-standard","has-post-thumbnail","hentry","category-actualidad-informativa","tag-congreso","tag-francisco-eguiguren","tag-luciano-lopez"],"_links":{"self":[{"href":"https:\/\/elinformanteperu.com\/index.php\/wp-json\/wp\/v2\/posts\/56216","targetHints":{"allow":["GET"]}}],"collection":[{"href":"https:\/\/elinformanteperu.com\/index.php\/wp-json\/wp\/v2\/posts"}],"about":[{"href":"https:\/\/elinformanteperu.com\/index.php\/wp-json\/wp\/v2\/types\/post"}],"author":[{"embeddable":true,"href":"https:\/\/elinformanteperu.com\/index.php\/wp-json\/wp\/v2\/users\/1"}],"replies":[{"embeddable":true,"href":"https:\/\/elinformanteperu.com\/index.php\/wp-json\/wp\/v2\/comments?post=56216"}],"version-history":[{"count":1,"href":"https:\/\/elinformanteperu.com\/index.php\/wp-json\/wp\/v2\/posts\/56216\/revisions"}],"predecessor-version":[{"id":56218,"href":"https:\/\/elinformanteperu.com\/index.php\/wp-json\/wp\/v2\/posts\/56216\/revisions\/56218"}],"wp:featuredmedia":[{"embeddable":true,"href":"https:\/\/elinformanteperu.com\/index.php\/wp-json\/wp\/v2\/media\/56217"}],"wp:attachment":[{"href":"https:\/\/elinformanteperu.com\/index.php\/wp-json\/wp\/v2\/media?parent=56216"}],"wp:term":[{"taxonomy":"category","embeddable":true,"href":"https:\/\/elinformanteperu.com\/index.php\/wp-json\/wp\/v2\/categories?post=56216"},{"taxonomy":"post_tag","embeddable":true,"href":"https:\/\/elinformanteperu.com\/index.php\/wp-json\/wp\/v2\/tags?post=56216"}],"curies":[{"name":"wp","href":"https:\/\/api.w.org\/{rel}","templated":true}]}}