{"id":5613,"date":"2017-02-05T12:21:45","date_gmt":"2017-02-05T17:21:45","guid":{"rendered":"http:\/\/elinformanteperu.com\/?p=5613"},"modified":"2017-02-05T12:21:59","modified_gmt":"2017-02-05T17:21:59","slug":"francia-entregaran-premio-cesar-honorifico-al-actor-george-clooney","status":"publish","type":"post","link":"https:\/\/elinformanteperu.com\/index.php\/2017\/02\/05\/francia-entregaran-premio-cesar-honorifico-al-actor-george-clooney\/","title":{"rendered":"Francia: Entregar\u00e1n premio C\u00e9sar honor\u00edfico al actor George Clooney"},"content":{"rendered":"<p><strong>La Academia francesa de cine anunci\u00f3 que entregar\u00e1n el premio C\u00e9sar honor\u00edfico a George Clooney, en reconocimiento a su amplia\u00a0trayectoria en el s\u00e9ptimo arte.<\/strong><\/p>\n<p><strong>Par\u00eds, 04 Febrero 2017, (PL).-<\/strong> La Academia francesa de cine anunci\u00f3 que entregar\u00e1n el premio C\u00e9sar honor\u00edfico al estadounidense George Clooney, en reconocimiento a su amplia\u00a0trayectoria en el s\u00e9ptimo arte como actor, director y productor.<\/p>\n<p>Un comunicado defini\u00f3 a Clooney como &#8216;el actor m\u00e1s carism\u00e1tico de su generaci\u00f3n&#8217;, caracterizado por &#8216;su encanto, su sentido del humor, su personalidad y su compromiso&#8217;.<\/p>\n<p>Como muestra de &#8216;nuestra admiraci\u00f3n perpetua y eterna&#8217;, recibir\u00e1 el Cesar honor\u00edfico durante la ceremonia de la 42 edici\u00f3n de esos premios, prevista el 24 de febrero.<\/p>\n<p>Hace pocos d\u00edas ese galard\u00f3n del cine franc\u00e9s protagoniz\u00f3 una tensa controversia cuando su comit\u00e9 organizador anunci\u00f3 la elecci\u00f3n del cineasta Roman Polanski para presidir la ceremonia.<\/p>\n<p>Contra el artista pesan varias acusaciones de abuso sexual a menores, una de las cuales implic\u00f3 una condena por parte de la justicia estadounidense en 1977 y que nunca fue cumplida por el procesado.<\/p>\n<p>En consecuencia, numerosas asociaciones feministas expresaron su inconformidad y llamaron a realizar una manifestaci\u00f3n la noche de entrega ante la parisina sala Pleyel, sede del evento.<\/p>\n<p>Poco despu\u00e9s el abogado de Polanski anunci\u00f3 la renuncia del realizador a encabezar el acto, mientras la Academia todav\u00eda no ha comunicado qui\u00e9n ser\u00e1 el sustituto.<\/p>\n<p><img fetchpriority=\"high\" decoding=\"async\" class=\"size-full wp-image-5615 aligncenter\" src=\"http:\/\/elinformanteperu.com\/wp-content\/uploads\/2017\/02\/george-clooney1.jpg\" alt=\"\" width=\"446\" height=\"299\" srcset=\"https:\/\/elinformanteperu.com\/wp-content\/uploads\/2017\/02\/george-clooney1.jpg 446w, https:\/\/elinformanteperu.com\/wp-content\/uploads\/2017\/02\/george-clooney1-300x201.jpg 300w, https:\/\/elinformanteperu.com\/wp-content\/uploads\/2017\/02\/george-clooney1-128x86.jpg 128w, https:\/\/elinformanteperu.com\/wp-content\/uploads\/2017\/02\/george-clooney1-32x21.jpg 32w\" sizes=\"(max-width: 446px) 100vw, 446px\" \/><\/p>\n","protected":false},"excerpt":{"rendered":"<p>La Academia francesa de cine anunci\u00f3 que entregar\u00e1n el premio C\u00e9sar honor\u00edfico a George Clooney, en reconocimiento a su amplia\u00a0trayectoria en el s\u00e9ptimo arte. Par\u00eds, 04 Febrero 2017, (PL).- La Academia francesa de cine anunci\u00f3 que entregar\u00e1n el premio C\u00e9sar honor\u00edfico al estadounidense George Clooney, en reconocimiento a su amplia\u00a0trayectoria en el s\u00e9ptimo arte como [&hellip;]<\/p>\n","protected":false},"author":1,"featured_media":5614,"comment_status":"open","ping_status":"open","sticky":false,"template":"","format":"standard","meta":{"rop_custom_images_group":[],"rop_custom_messages_group":[],"rop_publish_now":"initial","rop_publish_now_accounts":[],"rop_publish_now_history":[],"rop_publish_now_status":"pending","footnotes":""},"categories":[7],"tags":[1029,902],"class_list":["post-5613","post","type-post","status-publish","format-standard","has-post-thumbnail","hentry","category-butaca","tag-george-clooney","tag-premios-cesar-2017"],"_links":{"self":[{"href":"https:\/\/elinformanteperu.com\/index.php\/wp-json\/wp\/v2\/posts\/5613","targetHints":{"allow":["GET"]}}],"collection":[{"href":"https:\/\/elinformanteperu.com\/index.php\/wp-json\/wp\/v2\/posts"}],"about":[{"href":"https:\/\/elinformanteperu.com\/index.php\/wp-json\/wp\/v2\/types\/post"}],"author":[{"embeddable":true,"href":"https:\/\/elinformanteperu.com\/index.php\/wp-json\/wp\/v2\/users\/1"}],"replies":[{"embeddable":true,"href":"https:\/\/elinformanteperu.com\/index.php\/wp-json\/wp\/v2\/comments?post=5613"}],"version-history":[{"count":2,"href":"https:\/\/elinformanteperu.com\/index.php\/wp-json\/wp\/v2\/posts\/5613\/revisions"}],"predecessor-version":[{"id":5617,"href":"https:\/\/elinformanteperu.com\/index.php\/wp-json\/wp\/v2\/posts\/5613\/revisions\/5617"}],"wp:featuredmedia":[{"embeddable":true,"href":"https:\/\/elinformanteperu.com\/index.php\/wp-json\/wp\/v2\/media\/5614"}],"wp:attachment":[{"href":"https:\/\/elinformanteperu.com\/index.php\/wp-json\/wp\/v2\/media?parent=5613"}],"wp:term":[{"taxonomy":"category","embeddable":true,"href":"https:\/\/elinformanteperu.com\/index.php\/wp-json\/wp\/v2\/categories?post=5613"},{"taxonomy":"post_tag","embeddable":true,"href":"https:\/\/elinformanteperu.com\/index.php\/wp-json\/wp\/v2\/tags?post=5613"}],"curies":[{"name":"wp","href":"https:\/\/api.w.org\/{rel}","templated":true}]}}