{"id":56124,"date":"2019-08-29T18:58:27","date_gmt":"2019-08-29T23:58:27","guid":{"rendered":"http:\/\/elinformanteperu.com\/?p=56124"},"modified":"2019-08-29T18:58:27","modified_gmt":"2019-08-29T23:58:27","slug":"pedro-almodovar-recibio-el-leon-de-oro-en-festival-de-venecia","status":"publish","type":"post","link":"https:\/\/elinformanteperu.com\/index.php\/2019\/08\/29\/pedro-almodovar-recibio-el-leon-de-oro-en-festival-de-venecia\/","title":{"rendered":"Pedro Almod\u00f3var recibi\u00f3 el Le\u00f3n de Oro en Festival de Venecia"},"content":{"rendered":"<p><strong><span style=\"color: #000000;\">El cineasta espa\u00f1ol Pedro Almod\u00f3var recibi\u00f3 el Le\u00f3n de Oro de Honor en reconocimiento a su carrera en la 76 edici\u00f3n del Festival Internacional de Cine de Venecia.<\/span><\/strong><\/p>\n<p><span style=\"color: #000000;\"><strong>Roma, 29 Agosto 2019, (Prensa Latina).-<\/strong> El cineasta espa\u00f1ol Pedro Almod\u00f3var recibi\u00f3 el Le\u00f3n de Oro de Honor en reconocimiento a su carrera en la 76 edici\u00f3n del Festival Internacional de Cine de Venecia, cita que transcurre hasta el 7 de septiembre.<\/span><\/p>\n<p><span style=\"color: #000000;\">La entrega del galard\u00f3n se realiz\u00f3 en el teatro Sala Grande del certamen, en el que debut\u00f3 internacionalmente el laureado director en 1983.<\/span><\/p>\n<p><span style=\"color: #000000;\">Durante la gala se proyect\u00f3 la pel\u00edcula Mujeres al borde de un ataque de nervios (1988), con la que el director obtuvo, entre otros, cinco premios Goya y Premio David de Donatello al Mejor Director Extranjero.<\/span><\/p>\n<p><span style=\"color: #000000;\">Al recibir la noticia en junio pasado Almod\u00f3var asegur\u00f3 sentirse muy emocionado y honrado por el reconocimiento de un festival del que tiene &#8216;muy buenos recuerdos&#8217;.<\/span><\/p>\n<p><span style=\"color: #000000;\">\u00abEl Le\u00f3n de Oro honor\u00edfico a mi trayectoria es un premio muy emocionante. El poder del cine me ha permitido mostrar a la gente que he visto en la calle, mostrar la vida. No he tratado de cambiar el mundo, pero s\u00ed de explicar el m\u00edo con libertad e inocencia\u00bb, se\u00f1al\u00f3 Almod\u00f3var en la rueda de prensa previ\u00f3 a recibir el premio.<\/span><\/p>\n<p><span style=\"color: #000000;\">La decisi\u00f3n de premiar al c\u00e9lebre cineasta ib\u00e9rico fue adoptada por el Consejo de Direcci\u00f3n de la Bienal, presidido por Paolo Baratta, a propuesta del director de la Muestra, Alberto Barbera.<\/span><\/p>\n<p><span style=\"color: #000000;\">El festival, que tiene lugar en el Lido de Venecia, propone retrospectivas y homenajes a grandes figuras como una contribuci\u00f3n para una mejor comprensi\u00f3n de la historia del cine, en tal sentido se mostrar\u00e1 en calidad de estreno mundial una selecci\u00f3n de las mejores restauraciones de filmes cl\u00e1sicos y documentales.<\/span><\/p>\n<p><span style=\"color: #000000;\">Reconocido por la FIAPF (Asociaci\u00f3n Internacional de Productores de Cine), el evento incluye diferentes secciones como Venezia 76, Fuera de competici\u00f3n, Orizzonti, Venice Classics, Sconfini, Biennale College &#8211; Cinema, Venice Virtual Reality, el Settimana Internazionale della Critica, el Giornate degli Autori y un evento especial.<\/span><\/p>\n<p><iframe title=\"DOLOR Y GLORIA - Tr\u00e1iler Oficial EN ESPA\u00d1OL\u00a0| Sony Pictures Espa\u00f1a\" width=\"615\" height=\"346\" src=\"https:\/\/www.youtube.com\/embed\/4GMO3BgUIOk?feature=oembed\" frameborder=\"0\" allow=\"accelerometer; autoplay; clipboard-write; encrypted-media; gyroscope; picture-in-picture; web-share\" referrerpolicy=\"strict-origin-when-cross-origin\" allowfullscreen><\/iframe><\/p>\n","protected":false},"excerpt":{"rendered":"<p>El cineasta espa\u00f1ol Pedro Almod\u00f3var recibi\u00f3 el Le\u00f3n de Oro de Honor en reconocimiento a su carrera en la 76 edici\u00f3n del Festival Internacional de Cine de Venecia. Roma, 29 Agosto 2019, (Prensa Latina).- El cineasta espa\u00f1ol Pedro Almod\u00f3var recibi\u00f3 el Le\u00f3n de Oro de Honor en reconocimiento a su carrera en la 76 edici\u00f3n [&hellip;]<\/p>\n","protected":false},"author":1,"featured_media":56125,"comment_status":"open","ping_status":"open","sticky":false,"template":"","format":"standard","meta":{"rop_custom_images_group":[],"rop_custom_messages_group":[],"rop_publish_now":"initial","rop_publish_now_accounts":[],"rop_publish_now_history":[],"rop_publish_now_status":"pending","footnotes":""},"categories":[7],"tags":[4269,1003],"class_list":["post-56124","post","type-post","status-publish","format-standard","has-post-thumbnail","hentry","category-butaca","tag-festival-de-venecia-2019","tag-pedro-almodovar"],"_links":{"self":[{"href":"https:\/\/elinformanteperu.com\/index.php\/wp-json\/wp\/v2\/posts\/56124","targetHints":{"allow":["GET"]}}],"collection":[{"href":"https:\/\/elinformanteperu.com\/index.php\/wp-json\/wp\/v2\/posts"}],"about":[{"href":"https:\/\/elinformanteperu.com\/index.php\/wp-json\/wp\/v2\/types\/post"}],"author":[{"embeddable":true,"href":"https:\/\/elinformanteperu.com\/index.php\/wp-json\/wp\/v2\/users\/1"}],"replies":[{"embeddable":true,"href":"https:\/\/elinformanteperu.com\/index.php\/wp-json\/wp\/v2\/comments?post=56124"}],"version-history":[{"count":1,"href":"https:\/\/elinformanteperu.com\/index.php\/wp-json\/wp\/v2\/posts\/56124\/revisions"}],"predecessor-version":[{"id":56126,"href":"https:\/\/elinformanteperu.com\/index.php\/wp-json\/wp\/v2\/posts\/56124\/revisions\/56126"}],"wp:featuredmedia":[{"embeddable":true,"href":"https:\/\/elinformanteperu.com\/index.php\/wp-json\/wp\/v2\/media\/56125"}],"wp:attachment":[{"href":"https:\/\/elinformanteperu.com\/index.php\/wp-json\/wp\/v2\/media?parent=56124"}],"wp:term":[{"taxonomy":"category","embeddable":true,"href":"https:\/\/elinformanteperu.com\/index.php\/wp-json\/wp\/v2\/categories?post=56124"},{"taxonomy":"post_tag","embeddable":true,"href":"https:\/\/elinformanteperu.com\/index.php\/wp-json\/wp\/v2\/tags?post=56124"}],"curies":[{"name":"wp","href":"https:\/\/api.w.org\/{rel}","templated":true}]}}