{"id":56121,"date":"2019-08-29T00:15:35","date_gmt":"2019-08-29T05:15:35","guid":{"rendered":"http:\/\/elinformanteperu.com\/?p=56121"},"modified":"2019-08-29T00:15:35","modified_gmt":"2019-08-29T05:15:35","slug":"vizcarra-primer-punto-en-reunion-con-olaechea-sera-adelanto-de-elecciones","status":"publish","type":"post","link":"https:\/\/elinformanteperu.com\/index.php\/2019\/08\/29\/vizcarra-primer-punto-en-reunion-con-olaechea-sera-adelanto-de-elecciones\/","title":{"rendered":"Vizcarra: Primer punto en reuni\u00f3n con Olaechea ser\u00e1 adelanto de elecciones"},"content":{"rendered":"<p><strong><span style=\"color: #000000;\">El primer punto de la reuni\u00f3n con el presidente del Congreso, Pedro Olaechea, ser\u00e1 la propuesta para adelantar las elecciones al 2020, asegur\u00f3 el jefe del Estado.<\/span><\/strong><\/p>\n<p><span style=\"color: #000000;\"><strong>Lima, 28 Agosto 2019, (ANDINA).-<\/strong> El primer punto de la reuni\u00f3n con el presidente del Congreso, Pedro Olaechea, ser\u00e1 la propuesta para adelantar las elecciones al 2020, asegur\u00f3 el jefe del Estado, Mart\u00edn Vizcarra Cornejo.<\/span><\/p>\n<p><span style=\"color: #000000;\">\u201cEl primer punto que plantearemos al presidente del Congreso en nuestra reuni\u00f3n ser\u00e1 el cronograma para el proyecto de adelanto de elecciones. Despu\u00e9s de ello, podemos conversar sobre otros temas\u201d, manifest\u00f3 en entrevista con Canal N.<\/span><\/p>\n<p><span style=\"color: #000000;\">El presidente Vizcarra ratific\u00f3 estar dispuesto a reunirse con Olaechea para analizar temas importantes de la agenda nacional, aunque subray\u00f3 que el proyecto para adelantar los comicios deber\u00e1 tener prioridad.<\/span><\/p>\n<p><strong><span style=\"color: #000000;\">Plazos<\/span><\/strong><\/p>\n<p><span style=\"color: #000000;\">Asever\u00f3 que los plazos establecidos por el Gobierno para la reforma pol\u00edtica no est\u00e1n en negociaci\u00f3n. \u201cTenemos que ser coherentes y respetuosos con las decisiones que tomamos como gobierno, no individualmente\u201d, enfatiz\u00f3.<\/span><\/p>\n<p><span style=\"color: #000000;\">\u201cEsperamos que proceda con su an\u00e1lisis y discusi\u00f3n primero en la comisi\u00f3n pertinente, en la Comisi\u00f3n de Constituci\u00f3n y luego en el pleno\u201d.<\/span><\/p>\n<p><span style=\"color: #000000;\">Respecto a esa iniciativa legislativa, record\u00f3 que el adelanto de los comicios es uno de los principales clamores de la poblaci\u00f3n, el cual respalda, para darle el derecho de decidir su futuro en las urnas.<\/span><\/p>\n<p><strong><span style=\"color: #000000;\">Mecanismos<\/span><\/strong><\/p>\n<p><span style=\"color: #000000;\">Sobre los mecanismos a los que podr\u00eda recurrir para lograr la aprobaci\u00f3n de esa iniciativa, el primer Mandatario record\u00f3 que expertos juristas en materia constitucional han respaldado la facultad del Poder Ejecutivo para hacer cuesti\u00f3n de confianza ante el Parlamento.<\/span><\/p>\n<p><span style=\"color: #000000;\">\u00abConstitucionalistas han manifestado que no habr\u00eda ning\u00fan problema\u00bb, indic\u00f3.<\/span><\/p>\n<p><span style=\"color: #000000;\">No obstante, sostuvo que conf\u00eda en que el Parlamento sintonizar\u00e1 con el clamor de la poblaci\u00f3n y aprobar\u00e1 el adelanto de los comicios.<\/span><\/p>\n<p><span style=\"color: #000000;\">\u00abLo que digo es que es una herramienta establecida en la Constituci\u00f3n que puede usarse cuando sea necesaria, pero creemos que el Congreso estar\u00e1 a la altura de las circunstancias\u00bb, agreg\u00f3.<\/span><\/p>\n<p><span style=\"color: #000000;\">Al respecto, record\u00f3 que un buen grupo de bancadas han manifestado su respaldo institucional al proyecto de ley, mientras que las opiniones contrarias hasta el momento son de legisladores cuyos pronunciamientos son a t\u00edtulo personal.<\/span><\/p>\n<p><strong><span style=\"color: #000000;\">Visi\u00f3n<\/span><\/strong><\/p>\n<p><span style=\"color: #000000;\">Sobre las expresiones del titular del Parlamento, que se dedique a gobernar, el Jefe del Estado, afirm\u00f3 que \u201cs\u00ed estamos gobernando y gobernar es tomar decisiones en beneficio de toda la poblaci\u00f3n, no en beneficio de un determinado grupo\u201d.<\/span><\/p>\n<p><span style=\"color: #000000;\">\u201cSi piensan que un determinado grupo puede haber sentido que no estamos atendiendo su demanda y con eso no es gobernar, nuestra visi\u00f3n es mucho m\u00e1s amplia, soy el presidente de todos los peruanos\u201d, recalc\u00f3.<\/span><\/p>\n","protected":false},"excerpt":{"rendered":"<p>El primer punto de la reuni\u00f3n con el presidente del Congreso, Pedro Olaechea, ser\u00e1 la propuesta para adelantar las elecciones al 2020, asegur\u00f3 el jefe del Estado. Lima, 28 Agosto 2019, (ANDINA).- El primer punto de la reuni\u00f3n con el presidente del Congreso, Pedro Olaechea, ser\u00e1 la propuesta para adelantar las elecciones al 2020, asegur\u00f3 [&hellip;]<\/p>\n","protected":false},"author":1,"featured_media":54661,"comment_status":"open","ping_status":"open","sticky":false,"template":"","format":"standard","meta":{"rop_custom_images_group":[],"rop_custom_messages_group":[],"rop_publish_now":"initial","rop_publish_now_accounts":[],"rop_publish_now_history":[],"rop_publish_now_status":"pending","footnotes":""},"categories":[5],"tags":[289,2176],"class_list":["post-56121","post","type-post","status-publish","format-standard","has-post-thumbnail","hentry","category-actualidad-informativa","tag-martin-vizcarra","tag-pedro-olaechea"],"_links":{"self":[{"href":"https:\/\/elinformanteperu.com\/index.php\/wp-json\/wp\/v2\/posts\/56121","targetHints":{"allow":["GET"]}}],"collection":[{"href":"https:\/\/elinformanteperu.com\/index.php\/wp-json\/wp\/v2\/posts"}],"about":[{"href":"https:\/\/elinformanteperu.com\/index.php\/wp-json\/wp\/v2\/types\/post"}],"author":[{"embeddable":true,"href":"https:\/\/elinformanteperu.com\/index.php\/wp-json\/wp\/v2\/users\/1"}],"replies":[{"embeddable":true,"href":"https:\/\/elinformanteperu.com\/index.php\/wp-json\/wp\/v2\/comments?post=56121"}],"version-history":[{"count":1,"href":"https:\/\/elinformanteperu.com\/index.php\/wp-json\/wp\/v2\/posts\/56121\/revisions"}],"predecessor-version":[{"id":56122,"href":"https:\/\/elinformanteperu.com\/index.php\/wp-json\/wp\/v2\/posts\/56121\/revisions\/56122"}],"wp:featuredmedia":[{"embeddable":true,"href":"https:\/\/elinformanteperu.com\/index.php\/wp-json\/wp\/v2\/media\/54661"}],"wp:attachment":[{"href":"https:\/\/elinformanteperu.com\/index.php\/wp-json\/wp\/v2\/media?parent=56121"}],"wp:term":[{"taxonomy":"category","embeddable":true,"href":"https:\/\/elinformanteperu.com\/index.php\/wp-json\/wp\/v2\/categories?post=56121"},{"taxonomy":"post_tag","embeddable":true,"href":"https:\/\/elinformanteperu.com\/index.php\/wp-json\/wp\/v2\/tags?post=56121"}],"curies":[{"name":"wp","href":"https:\/\/api.w.org\/{rel}","templated":true}]}}