{"id":56058,"date":"2019-08-28T00:00:32","date_gmt":"2019-08-28T05:00:32","guid":{"rendered":"http:\/\/elinformanteperu.com\/?p=56058"},"modified":"2019-08-28T00:00:32","modified_gmt":"2019-08-28T05:00:32","slug":"peru-y-colombia-intensificaran-operativos-de-patrullaje-en-sus-rios-fronterizos","status":"publish","type":"post","link":"https:\/\/elinformanteperu.com\/index.php\/2019\/08\/28\/peru-y-colombia-intensificaran-operativos-de-patrullaje-en-sus-rios-fronterizos\/","title":{"rendered":"Per\u00fa y Colombia intensificar\u00e1n operativos de patrullaje en sus r\u00edos fronterizos"},"content":{"rendered":"<p><strong><span style=\"color: #000000;\">El Per\u00fa y Colombia intensificar\u00e1n los operativos de patrullaje y la interdicci\u00f3n fluvial de il\u00edcitos en sus r\u00edos fronterizos con el fin de proseguir la lucha contra la delincuencia transnacional.<\/span><\/strong><\/p>\n<p><span style=\"color: #000000;\"><strong>Pucallpa, 27 Agosto 2019, (ANDINA).-<\/strong> El Per\u00fa y Colombia intensificar\u00e1n los operativos de patrullaje y la interdicci\u00f3n fluvial de il\u00edcitos en sus r\u00edos fronterizos con el fin de proseguir la lucha contra la delincuencia transnacional organizada y otros delitos en las zonas lim\u00edtrofes, inform\u00f3 el ministro de Defensa, Jorge Moscoso Flores.<\/span><\/p>\n<p><span style=\"color: #000000;\">\u201cSe buscar\u00e1 la cooperaci\u00f3n mutua contra el tr\u00e1fico il\u00edcito de armas, municiones y explosivos mediante la implementaci\u00f3n de un plan de trabajo bilateral para el periodo 2019-2020\u201d, refiri\u00f3.<\/span><\/p>\n<p><span style=\"color: #000000;\">Estas acciones conjuntas, afirm\u00f3, incluyen \u201cla realizaci\u00f3n de operativos de control e interdicci\u00f3n coordinada contra tr\u00e1fico il\u00edcito de drogas, la lucha contra el lavado de activos y sus delitos conexos\u201d.<\/span><\/p>\n<p><span style=\"color: #000000;\">As\u00ed tambi\u00e9n, ambos pa\u00edses llevar\u00e1n a cabo \u201cacciones de control, interdicci\u00f3n contra la tala, extracci\u00f3n y comercio ilegal de madera y el tr\u00e1fico il\u00edcito de fauna silvestre\u201d.<\/span><\/p>\n<p><strong><span style=\"color: #000000;\">Documento<\/span><\/strong><\/p>\n<p><span style=\"color: #000000;\">Moscoso y su par de Colombia, Guillermo Botero Nieto, suscribieron esta tarde un memorando de entendimiento sobre cooperaci\u00f3n en industria de defensa entre ambos ministerios.<\/span><\/p>\n<p><span style=\"color: #000000;\">La ceremonia se efectu\u00f3 en el contexto del Encuentro Presidencial y V Gabinete Binacional de Ministros Per\u00fa-Colombia, en la ciudad de Pucallpa, regi\u00f3n Ucayali.<\/span><\/p>\n<p><span style=\"color: #000000;\">El objeto del memorando es establecer las bases para la cooperaci\u00f3n, en \u00e1reas de la industria de defensa, en relaci\u00f3n con equipos de defensa terrestre, mar\u00edtima y a\u00e9rea, soporte log\u00edstico integrado, transferencia de tecnolog\u00edas, as\u00ed como otras \u00e1reas que acuerden los Estados.<\/span><\/p>\n<p><span style=\"color: #000000;\">Moscoso reiter\u00f3 tambi\u00e9n la firme voluntad de ambos ministerios en la lucha contra la miner\u00eda ilegal, para lo cual se culminar\u00e1 un protocolo de interdicci\u00f3n en el primer trimestre de 2020.<\/span><\/p>\n<p><strong><span style=\"color: #000000;\">Comisi\u00f3n mixta<\/span><\/strong><\/p>\n<p><span style=\"color: #000000;\">En el primer semestre del pr\u00f3ximo a\u00f1o se celebrar\u00e1 la d\u00e9cimo segunda reuni\u00f3n de la comisi\u00f3n mixta en materia de control de drogas, precis\u00f3.<\/span><\/p>\n<p><span style=\"color: #000000;\">Este mecanismo, explic\u00f3, es de concertaci\u00f3n para el control de la oferta, reducci\u00f3n de la demanda, intercambio de la informaci\u00f3n financiera y lucha contra el lavado de activos, la cooperaci\u00f3n judicial y el desarrollo alternativo.<\/span><\/p>\n<p><span style=\"color: #000000;\">\u201cLlevaremos a cabo operativos de patrullaje, interdicci\u00f3n fluvial de il\u00edcitos en nuestros r\u00edos fronterizos y haremos de estos, espacios de integraci\u00f3n e inclusi\u00f3n de nuestras poblaciones ribere\u00f1as m\u00e1s necesitadas\u201d.<\/span><\/p>\n<p><span style=\"color: #000000;\">Para tal fin, se efectuar\u00e1 una nueva jornada binacional de apoyo al desarrollo, \u201cque nos permita brindar protecci\u00f3n social y acceso a los servicios b\u00e1sicos a nuestras poblaciones m\u00e1s vulnerables\u201d, refiri\u00f3.<\/span><\/p>\n<p><span style=\"color: #000000;\">En esa l\u00ednea, explic\u00f3 que entre el 2018 y 2019 estas jornadas binacionales llegaron a m\u00e1s de 100 poblados fronterizos con atenciones m\u00e9dicas, orientaci\u00f3n y servicios de las distintas entidades y programas sociales del Estado.<\/span><\/p>\n","protected":false},"excerpt":{"rendered":"<p>El Per\u00fa y Colombia intensificar\u00e1n los operativos de patrullaje y la interdicci\u00f3n fluvial de il\u00edcitos en sus r\u00edos fronterizos con el fin de proseguir la lucha contra la delincuencia transnacional. Pucallpa, 27 Agosto 2019, (ANDINA).- El Per\u00fa y Colombia intensificar\u00e1n los operativos de patrullaje y la interdicci\u00f3n fluvial de il\u00edcitos en sus r\u00edos fronterizos con [&hellip;]<\/p>\n","protected":false},"author":1,"featured_media":56059,"comment_status":"open","ping_status":"open","sticky":false,"template":"","format":"standard","meta":{"rop_custom_images_group":[],"rop_custom_messages_group":[],"rop_publish_now":"initial","rop_publish_now_accounts":[],"rop_publish_now_history":[],"rop_publish_now_status":"pending","footnotes":""},"categories":[5],"tags":[4469,289,4805],"class_list":["post-56058","post","type-post","status-publish","format-standard","has-post-thumbnail","hentry","category-actualidad-informativa","tag-ivan-duque","tag-martin-vizcarra","tag-v-gabinete-binacional-peru-colombia"],"_links":{"self":[{"href":"https:\/\/elinformanteperu.com\/index.php\/wp-json\/wp\/v2\/posts\/56058","targetHints":{"allow":["GET"]}}],"collection":[{"href":"https:\/\/elinformanteperu.com\/index.php\/wp-json\/wp\/v2\/posts"}],"about":[{"href":"https:\/\/elinformanteperu.com\/index.php\/wp-json\/wp\/v2\/types\/post"}],"author":[{"embeddable":true,"href":"https:\/\/elinformanteperu.com\/index.php\/wp-json\/wp\/v2\/users\/1"}],"replies":[{"embeddable":true,"href":"https:\/\/elinformanteperu.com\/index.php\/wp-json\/wp\/v2\/comments?post=56058"}],"version-history":[{"count":1,"href":"https:\/\/elinformanteperu.com\/index.php\/wp-json\/wp\/v2\/posts\/56058\/revisions"}],"predecessor-version":[{"id":56060,"href":"https:\/\/elinformanteperu.com\/index.php\/wp-json\/wp\/v2\/posts\/56058\/revisions\/56060"}],"wp:featuredmedia":[{"embeddable":true,"href":"https:\/\/elinformanteperu.com\/index.php\/wp-json\/wp\/v2\/media\/56059"}],"wp:attachment":[{"href":"https:\/\/elinformanteperu.com\/index.php\/wp-json\/wp\/v2\/media?parent=56058"}],"wp:term":[{"taxonomy":"category","embeddable":true,"href":"https:\/\/elinformanteperu.com\/index.php\/wp-json\/wp\/v2\/categories?post=56058"},{"taxonomy":"post_tag","embeddable":true,"href":"https:\/\/elinformanteperu.com\/index.php\/wp-json\/wp\/v2\/tags?post=56058"}],"curies":[{"name":"wp","href":"https:\/\/api.w.org\/{rel}","templated":true}]}}