{"id":56055,"date":"2019-08-27T23:57:18","date_gmt":"2019-08-28T04:57:18","guid":{"rendered":"http:\/\/elinformanteperu.com\/?p=56055"},"modified":"2019-08-27T23:57:18","modified_gmt":"2019-08-28T04:57:18","slug":"peru-y-colombia-firman-ocho-acuerdos-para-impulsar-el-desarrollo-conjunto","status":"publish","type":"post","link":"https:\/\/elinformanteperu.com\/index.php\/2019\/08\/27\/peru-y-colombia-firman-ocho-acuerdos-para-impulsar-el-desarrollo-conjunto\/","title":{"rendered":"Per\u00fa y Colombia firman ocho acuerdos para impulsar el desarrollo conjunto"},"content":{"rendered":"<p><strong><span style=\"color: #000000;\">En el contexto del V Gabinete Binacional, los gobiernos del Per\u00fa y Colombia suscribieron ocho acuerdos para impulsar el desarrollo conjunto de ambas naciones.<\/span><\/strong><\/p>\n<p><span style=\"color: #000000;\"><strong>Pucallpa, 27 Agosto 2019, (ANDINA).-<\/strong> En el contexto del V Gabinete Binacional, los gobiernos del Per\u00fa y Colombia suscribieron ocho acuerdos para impulsar el desarrollo conjunto de ambas naciones, adem\u00e1s de unir esfuerzos para proteger la Amazon\u00eda frente a diversas amenazas.<\/span><\/p>\n<p><span style=\"color: #000000;\">Al t\u00e9rmino del encuentro celebrado en la ciudad de Pucallpa, se suscribi\u00f3 la Declaraci\u00f3n de Pucallpa, en la que se expres\u00f3 el compromiso de ambos gobiernos de trabajar en favor de las poblaciones en la zona de frontera.<\/span><\/p>\n<p><span style=\"color: #000000;\">En este documento, el presidente peruano Mart\u00edn Vizcarrra y su par colombiano, Iv\u00e1n Duque, coincidieron en la necesidad de trabajar de manera conjunta para lograr el desarrollo y el uso sostenible de la regi\u00f3n amaz\u00f3nica por ser uno de los ecosistemas m\u00e1s importantes del planeta.<\/span><\/p>\n<p><span style=\"color: #000000;\">En la Declaraci\u00f3n de Pucallpa se menciona que ambos dignatarios coinciden en impulsar la propuesta de convocar a los pa\u00edses amaz\u00f3nicos para establecer un pacto que procure su conservaci\u00f3n, desarrollo y aprovechamiento sostenible, en beneficio de las comunidades que la habitan, con pleno respeto a las soberan\u00edas nacionales.<\/span><\/p>\n<p><span style=\"color: #000000;\">Para tal fin, acordaron convocar una urgente reuni\u00f3n de jefes de Estado y de Gobierno de la regi\u00f3n Amaz\u00f3nica en Leticia, Colombia, el pr\u00f3ximo 6 de septiembre, con el fin de aunar esfuerzos para este prop\u00f3sito.<\/span><\/p>\n<p><strong><span style=\"color: #000000;\">Atenci\u00f3n permanente<\/span><\/strong><\/p>\n<p><span style=\"color: #000000;\">Sobre este tema, el presidente Vizcarra destac\u00f3 en la necesidad de atender permanentemente a la Amazon\u00eda, compromiso que es asumido por el Per\u00fa y Colombia, pero con un enfoque diferente para enfrentar las amenazas como la tala y miner\u00eda ilegal, adem\u00e1s de las actividades il\u00edcitas como el narcotr\u00e1fico.<\/span><\/p>\n<p><span style=\"color: #000000;\">\u201cAnte estos problemas debemos plantear un plan de acci\u00f3n de desarrollo de la Amazon\u00eda. El Per\u00fa y Colombia coinciden en trabajar juntos y estamos acordando tener una pr\u00f3xima reuni\u00f3n y ver estos temas\u201d, dijo el dignatario al destacar los compromisos adoptados tras la firma de la Declaraci\u00f3n de Pucallpa.<\/span><\/p>\n<p><span style=\"color: #000000;\">Al concluir el Gabinete Binacional, tambi\u00e9n se suscribieron ocho instrumentos entre los que destacan el memorando de entendimiento sobre cooperaci\u00f3n en industria de defensa entre el Ministerio de Defensa de la Rep\u00fablica del Per\u00fa y el Ministerio de Defensa Nacional de la Rep\u00fablica de Colombia.<\/span><\/p>\n<p><span style=\"color: #000000;\">Adem\u00e1s, se encuentra el memorando de entendimiento en materia de cooperaci\u00f3n e intercambio de experiencias en pol\u00edticas p\u00fablicas relativas a la relaci\u00f3n entre justicia formal y justicia ind\u00edgena.<\/span><\/p>\n<p><span style=\"color: #000000;\">Figura, tambi\u00e9n, el memorando de entendimiento sobre cooperaci\u00f3n en la gesti\u00f3n del transporte y tr\u00e1nsito terrestre; adem\u00e1s de una hoja de ruta para la aplicaci\u00f3n de medidas en materia migratoria, entre otros.<\/span><\/p>\n<p><strong><span style=\"color: #000000;\">Econom\u00eda circular<\/span><\/strong><\/p>\n<p><span style=\"color: #000000;\">En la Declaraci\u00f3n de Pucallpa, la cual cuenta con 36 puntos, se promueve la transici\u00f3n hacia una econom\u00eda circular que haga uso de los residuos como insumos y materias primas para la producci\u00f3n de bienes y servicios. As\u00ed, se reducir\u00e1 la presi\u00f3n sobre el uso de recursos naturales.<\/span><\/p>\n<p><span style=\"color: #000000;\">Se promover\u00e1 tambi\u00e9n una gesti\u00f3n integral del pl\u00e1stico con el fin de disminuir su impacto en el ambiente.<\/span><\/p>\n<p><span style=\"color: #000000;\">Asimismo, el Per\u00fa y Colombia ratificaron su lucha frontal contra la delincuencia organizada transnacional en todas sus modalidades, fortaleciendo la acci\u00f3n coordinada en los \u00e1mbitos de seguridad y defensa a trav\u00e9s del Mecanismo de Alto Nivel en Seguridad y Cooperaci\u00f3n Judicial.<\/span><\/p>\n<p><span style=\"color: #000000;\">Ambas naciones expresaron tambi\u00e9n su solidaridad con los pa\u00edses afectados por los incendios que se registran en la Amazon\u00eda y expresaron su firme voluntad para prestar la cooperaci\u00f3n que fuese requerida para controlar, extinguir y prevenir los incendios forestales.<\/span><\/p>\n<p><span style=\"color: #000000;\">De igual manera, se inform\u00f3 que existe el firme prop\u00f3sito de fortalecer los mecanismos de coordinaci\u00f3n y cooperaci\u00f3n de lucha contra la miner\u00eda ilegal, debido a las consecuencias que causa esta actividad sobre el medioambiente, la econom\u00eda y la salud de las poblaciones de frontera.<\/span><\/p>\n<p><span style=\"color: #000000;\">En otro de los puntos de la declaraci\u00f3n, Per\u00fa y Colombia reafirmaron su trabajo en la prevenci\u00f3n y lucha frontal contra la corrupci\u00f3n en todas sus modalidades, enfatizando su en\u00e9rgico rechazo a cualquier pr\u00e1ctica relacionada a este flagelo.<\/span><\/p>\n<p><span style=\"color: #000000;\">Al respecto, el presidente Duque destac\u00f3 que su pa\u00eds y el Per\u00fa mantienen un esp\u00edritu de colaboraci\u00f3n para desmantelar la estructura internacional de la corrupci\u00f3n, ya que esta amenaza \u201ces un c\u00e1ncer que carcome las instituciones y afecta la confianza ciudadana\u201d.<\/span><\/p>\n","protected":false},"excerpt":{"rendered":"<p>En el contexto del V Gabinete Binacional, los gobiernos del Per\u00fa y Colombia suscribieron ocho acuerdos para impulsar el desarrollo conjunto de ambas naciones. Pucallpa, 27 Agosto 2019, (ANDINA).- En el contexto del V Gabinete Binacional, los gobiernos del Per\u00fa y Colombia suscribieron ocho acuerdos para impulsar el desarrollo conjunto de ambas naciones, adem\u00e1s de [&hellip;]<\/p>\n","protected":false},"author":1,"featured_media":56056,"comment_status":"open","ping_status":"open","sticky":false,"template":"","format":"standard","meta":{"rop_custom_images_group":[],"rop_custom_messages_group":[],"rop_publish_now":"initial","rop_publish_now_accounts":[],"rop_publish_now_history":[],"rop_publish_now_status":"pending","footnotes":""},"categories":[5],"tags":[4469,289,4805],"class_list":["post-56055","post","type-post","status-publish","format-standard","has-post-thumbnail","hentry","category-actualidad-informativa","tag-ivan-duque","tag-martin-vizcarra","tag-v-gabinete-binacional-peru-colombia"],"_links":{"self":[{"href":"https:\/\/elinformanteperu.com\/index.php\/wp-json\/wp\/v2\/posts\/56055","targetHints":{"allow":["GET"]}}],"collection":[{"href":"https:\/\/elinformanteperu.com\/index.php\/wp-json\/wp\/v2\/posts"}],"about":[{"href":"https:\/\/elinformanteperu.com\/index.php\/wp-json\/wp\/v2\/types\/post"}],"author":[{"embeddable":true,"href":"https:\/\/elinformanteperu.com\/index.php\/wp-json\/wp\/v2\/users\/1"}],"replies":[{"embeddable":true,"href":"https:\/\/elinformanteperu.com\/index.php\/wp-json\/wp\/v2\/comments?post=56055"}],"version-history":[{"count":1,"href":"https:\/\/elinformanteperu.com\/index.php\/wp-json\/wp\/v2\/posts\/56055\/revisions"}],"predecessor-version":[{"id":56057,"href":"https:\/\/elinformanteperu.com\/index.php\/wp-json\/wp\/v2\/posts\/56055\/revisions\/56057"}],"wp:featuredmedia":[{"embeddable":true,"href":"https:\/\/elinformanteperu.com\/index.php\/wp-json\/wp\/v2\/media\/56056"}],"wp:attachment":[{"href":"https:\/\/elinformanteperu.com\/index.php\/wp-json\/wp\/v2\/media?parent=56055"}],"wp:term":[{"taxonomy":"category","embeddable":true,"href":"https:\/\/elinformanteperu.com\/index.php\/wp-json\/wp\/v2\/categories?post=56055"},{"taxonomy":"post_tag","embeddable":true,"href":"https:\/\/elinformanteperu.com\/index.php\/wp-json\/wp\/v2\/tags?post=56055"}],"curies":[{"name":"wp","href":"https:\/\/api.w.org\/{rel}","templated":true}]}}