{"id":56052,"date":"2019-08-27T23:54:00","date_gmt":"2019-08-28T04:54:00","guid":{"rendered":"http:\/\/elinformanteperu.com\/?p=56052"},"modified":"2019-08-27T23:54:00","modified_gmt":"2019-08-28T04:54:00","slug":"fuerza-popular-protesta-por-allanamiento-de-la-fiscalia-a-viviendas-vinculadas-al-partido","status":"publish","type":"post","link":"https:\/\/elinformanteperu.com\/index.php\/2019\/08\/27\/fuerza-popular-protesta-por-allanamiento-de-la-fiscalia-a-viviendas-vinculadas-al-partido\/","title":{"rendered":"Fuerza Popular protesta por allanamiento de la Fiscal\u00eda a viviendas vinculadas al partido"},"content":{"rendered":"<p><strong><span style=\"color: #000000;\">El partido Fuerza Popular expres\u00f3 su protesta contra el allanamiento que ejecut\u00f3 el fiscal del Equipo Especial del Ministerio P\u00fablico, Jos\u00e9 Domingo P\u00e9rez.<\/span><\/strong><\/p>\n<p><span style=\"color: #000000;\"><strong>Lima, 27 Agosto 2019, (ANDINA).<\/strong>&#8211; El partido Fuerza Popular expres\u00f3 su protesta contra el allanamiento que ejecut\u00f3 el fiscal del Equipo Especial del Ministerio P\u00fablico, Jos\u00e9 Domingo P\u00e9rez, a dos viviendas vinculadas con la agrupaci\u00f3n y calific\u00f3 la medida como un acto de \u00abpersecuci\u00f3n pol\u00edtica\u00bb.<\/span><\/p>\n<p><span style=\"color: #000000;\">En un comunicado publicado en su cuenta de Twitter, sostiene que las diligencias en Surco y Miraflores buscan documentaci\u00f3n sobre la campa\u00f1a electoral del 2011, no obstante que esta ya estar\u00eda en manos de la Fiscal\u00eda desde diciembre del 2017.<\/span><\/p>\n<p><span style=\"color: #000000;\">Seg\u00fan el partido fujimorista, esta acci\u00f3n del Ministerio P\u00fablico \u00abafect\u00f3 los derechos de dos personas que nunca fueron citadas como testigos\u00bb y la calific\u00f3 como una injusticia en el contexto de las investigaciones contra Keiko Fujimori por la presunta comisi\u00f3n del delito de lavado de activos.<\/span><\/p>\n<p><span style=\"color: #000000;\">Para Fuerza Popular, este hecho intenta distraer a la opini\u00f3n p\u00fablica de las declaraciones recientes del procurador anticorrupci\u00f3n, Amado Enco, respecto al caso Chinchero.<\/span><\/p>\n<p><span style=\"color: #000000;\">Adem\u00e1s, denunci\u00f3 que los allanamientos corresponden a un \u00abuso pol\u00edtico de la justicia\u00bb e indic\u00f3 que colabora con las investigaciones, a fin de resolver las interrogantes sobre el financiamiento del partido durante la campa\u00f1a electoral del 2011.<\/span><\/p>\n","protected":false},"excerpt":{"rendered":"<p>El partido Fuerza Popular expres\u00f3 su protesta contra el allanamiento que ejecut\u00f3 el fiscal del Equipo Especial del Ministerio P\u00fablico, Jos\u00e9 Domingo P\u00e9rez. Lima, 27 Agosto 2019, (ANDINA).&#8211; El partido Fuerza Popular expres\u00f3 su protesta contra el allanamiento que ejecut\u00f3 el fiscal del Equipo Especial del Ministerio P\u00fablico, Jos\u00e9 Domingo P\u00e9rez, a dos viviendas vinculadas [&hellip;]<\/p>\n","protected":false},"author":1,"featured_media":56053,"comment_status":"open","ping_status":"open","sticky":false,"template":"","format":"standard","meta":{"rop_custom_images_group":[],"rop_custom_messages_group":[],"rop_publish_now":"initial","rop_publish_now_accounts":[],"rop_publish_now_history":[],"rop_publish_now_status":"pending","footnotes":""},"categories":[5],"tags":[295,2568,557],"class_list":["post-56052","post","type-post","status-publish","format-standard","has-post-thumbnail","hentry","category-actualidad-informativa","tag-fuerza-popular","tag-jose-domingo-perez","tag-keiko-fujimori"],"_links":{"self":[{"href":"https:\/\/elinformanteperu.com\/index.php\/wp-json\/wp\/v2\/posts\/56052","targetHints":{"allow":["GET"]}}],"collection":[{"href":"https:\/\/elinformanteperu.com\/index.php\/wp-json\/wp\/v2\/posts"}],"about":[{"href":"https:\/\/elinformanteperu.com\/index.php\/wp-json\/wp\/v2\/types\/post"}],"author":[{"embeddable":true,"href":"https:\/\/elinformanteperu.com\/index.php\/wp-json\/wp\/v2\/users\/1"}],"replies":[{"embeddable":true,"href":"https:\/\/elinformanteperu.com\/index.php\/wp-json\/wp\/v2\/comments?post=56052"}],"version-history":[{"count":1,"href":"https:\/\/elinformanteperu.com\/index.php\/wp-json\/wp\/v2\/posts\/56052\/revisions"}],"predecessor-version":[{"id":56054,"href":"https:\/\/elinformanteperu.com\/index.php\/wp-json\/wp\/v2\/posts\/56052\/revisions\/56054"}],"wp:featuredmedia":[{"embeddable":true,"href":"https:\/\/elinformanteperu.com\/index.php\/wp-json\/wp\/v2\/media\/56053"}],"wp:attachment":[{"href":"https:\/\/elinformanteperu.com\/index.php\/wp-json\/wp\/v2\/media?parent=56052"}],"wp:term":[{"taxonomy":"category","embeddable":true,"href":"https:\/\/elinformanteperu.com\/index.php\/wp-json\/wp\/v2\/categories?post=56052"},{"taxonomy":"post_tag","embeddable":true,"href":"https:\/\/elinformanteperu.com\/index.php\/wp-json\/wp\/v2\/tags?post=56052"}],"curies":[{"name":"wp","href":"https:\/\/api.w.org\/{rel}","templated":true}]}}