{"id":55931,"date":"2019-08-26T23:33:45","date_gmt":"2019-08-27T04:33:45","guid":{"rendered":"http:\/\/elinformanteperu.com\/?p=55931"},"modified":"2019-08-26T23:33:45","modified_gmt":"2019-08-27T04:33:45","slug":"zeballos-considera-impertinente-pedido-de-olaechea-a-organo-europeo","status":"publish","type":"post","link":"https:\/\/elinformanteperu.com\/index.php\/2019\/08\/26\/zeballos-considera-impertinente-pedido-de-olaechea-a-organo-europeo\/","title":{"rendered":"Zeballos considera impertinente pedido de Olaechea a \u00f3rgano europeo"},"content":{"rendered":"<p><strong><span style=\"color: #000000;\">El ministro de Justicia y Derechos Humanos, Vicente Zeballos, calific\u00f3 de \u00abimpertinente e impreciso\u201d el pedido del presidente del Congreso, Pedro Olaechea.<\/span><\/strong><\/p>\n<p><span style=\"color: #000000;\"><strong>Lima, 26 Agosto 2019, (ANDINA).-<\/strong> El ministro de Justicia y Derechos Humanos, Vicente Zeballos, calific\u00f3 de \u00abimpertinente e impreciso\u201d el pedido del presidente del Congreso, Pedro Olaechea, a la Comisi\u00f3n Europea para la Democracia por el Derecho a fin que emita una opini\u00f3n respecto al proyecto de adelanto de elecciones del Poder Ejecutivo.<\/span><\/p>\n<p><span style=\"color: #000000;\">Seg\u00fan Zeballos, el pedido de opini\u00f3n a esta Comisi\u00f3n es impertinente e impreciso \u00abporque no advierte el contexto bajo el cual anteriormente se plante\u00f3 la cuesti\u00f3n de confianza\u00bb.<\/span><\/p>\n<p><span style=\"color: #000000;\">Asimismo, consider\u00f3 inoportuna la consulta porque se plantea sobre hechos hipot\u00e9ticos<\/span><\/p>\n<p><span style=\"color: #000000;\">En su opini\u00f3n es evidente que la consulta ya desvela una intenci\u00f3n, adem\u00e1s de constituir una actitud reprochable por poner en observaci\u00f3n nuestra democracia.<\/span><\/p>\n<p><span style=\"color: #000000;\">Cuestion\u00f3 que el titular del Congreso haya solicitado el pronunciamiento de la Comisi\u00f3n a sabiendas que este \u00f3rgano emite observaciones no vinculantes, lo cual, subray\u00f3, es una clara muestra de renunciar expresamente a sus competencias y autonom\u00eda.<\/span><\/p>\n<p><span style=\"color: #000000;\">\u00abSon asuntos que aut\u00f3nomamente deben resolverse por \u00f3rganos constitucionales peruanos\u00bb, afirm\u00f3.<\/span><\/p>\n<p><span style=\"color: #000000;\">Critic\u00f3 tambi\u00e9n que la consulta pretenda justificarse en un requerimiento anterior formulado por la Comisi\u00f3n de Constituci\u00f3n.<\/span><\/p>\n<p><span style=\"color: #000000;\">Zeballos subray\u00f3 que la iniciativa del Ejecutivo para el adelanto de elecciones es una propuesta formalmente presentada al Parlamento y ser\u00e1 debatida en esta instancia.<\/span><\/p>\n<p><span style=\"color: #000000;\">El pasado 16 de agosto, el presidente del Congreso remiti\u00f3 una carta a la Comisi\u00f3n Europea para la Democracia por el Derecho, que es un \u00f3rgano consultivo del Consejo de Europa, para expresar su preocupaci\u00f3n porque el Poder Ejecutivo recurra a la cuesti\u00f3n de confianza para la aprobaci\u00f3n del proyecto de adelanto de elecciones.<\/span><\/p>\n","protected":false},"excerpt":{"rendered":"<p>El ministro de Justicia y Derechos Humanos, Vicente Zeballos, calific\u00f3 de \u00abimpertinente e impreciso\u201d el pedido del presidente del Congreso, Pedro Olaechea. Lima, 26 Agosto 2019, (ANDINA).- El ministro de Justicia y Derechos Humanos, Vicente Zeballos, calific\u00f3 de \u00abimpertinente e impreciso\u201d el pedido del presidente del Congreso, Pedro Olaechea, a la Comisi\u00f3n Europea para la [&hellip;]<\/p>\n","protected":false},"author":1,"featured_media":55932,"comment_status":"open","ping_status":"open","sticky":false,"template":"","format":"standard","meta":{"rop_custom_images_group":[],"rop_custom_messages_group":[],"rop_publish_now":"initial","rop_publish_now_accounts":[],"rop_publish_now_history":[],"rop_publish_now_status":"pending","footnotes":""},"categories":[5],"tags":[166,2396,189,2176,477],"class_list":["post-55931","post","type-post","status-publish","format-standard","has-post-thumbnail","hentry","category-actualidad-informativa","tag-ministerio-de-justicia","tag-minjus","tag-pcm","tag-pedro-olaechea","tag-vicente-zeballos"],"_links":{"self":[{"href":"https:\/\/elinformanteperu.com\/index.php\/wp-json\/wp\/v2\/posts\/55931","targetHints":{"allow":["GET"]}}],"collection":[{"href":"https:\/\/elinformanteperu.com\/index.php\/wp-json\/wp\/v2\/posts"}],"about":[{"href":"https:\/\/elinformanteperu.com\/index.php\/wp-json\/wp\/v2\/types\/post"}],"author":[{"embeddable":true,"href":"https:\/\/elinformanteperu.com\/index.php\/wp-json\/wp\/v2\/users\/1"}],"replies":[{"embeddable":true,"href":"https:\/\/elinformanteperu.com\/index.php\/wp-json\/wp\/v2\/comments?post=55931"}],"version-history":[{"count":1,"href":"https:\/\/elinformanteperu.com\/index.php\/wp-json\/wp\/v2\/posts\/55931\/revisions"}],"predecessor-version":[{"id":55933,"href":"https:\/\/elinformanteperu.com\/index.php\/wp-json\/wp\/v2\/posts\/55931\/revisions\/55933"}],"wp:featuredmedia":[{"embeddable":true,"href":"https:\/\/elinformanteperu.com\/index.php\/wp-json\/wp\/v2\/media\/55932"}],"wp:attachment":[{"href":"https:\/\/elinformanteperu.com\/index.php\/wp-json\/wp\/v2\/media?parent=55931"}],"wp:term":[{"taxonomy":"category","embeddable":true,"href":"https:\/\/elinformanteperu.com\/index.php\/wp-json\/wp\/v2\/categories?post=55931"},{"taxonomy":"post_tag","embeddable":true,"href":"https:\/\/elinformanteperu.com\/index.php\/wp-json\/wp\/v2\/tags?post=55931"}],"curies":[{"name":"wp","href":"https:\/\/api.w.org\/{rel}","templated":true}]}}