{"id":55928,"date":"2019-08-26T23:30:49","date_gmt":"2019-08-27T04:30:49","guid":{"rendered":"http:\/\/elinformanteperu.com\/?p=55928"},"modified":"2019-08-26T23:30:49","modified_gmt":"2019-08-27T04:30:49","slug":"mercedes-araoz-aboga-por-una-agenda-de-gobernabilidad","status":"publish","type":"post","link":"https:\/\/elinformanteperu.com\/index.php\/2019\/08\/26\/mercedes-araoz-aboga-por-una-agenda-de-gobernabilidad\/","title":{"rendered":"Mercedes Ar\u00e1oz aboga por una agenda de gobernabilidad"},"content":{"rendered":"<p><strong><span style=\"color: #000000;\">La vicepresidenta Mercedes Ar\u00e1oz abog\u00f3 por el establecimiento de una agenda de gobernabilidad para darle tranquilidad a la poblaci\u00f3n y permita al pa\u00eds salir de la confrontaci\u00f3n pol\u00edtica.<\/span><\/strong><\/p>\n<p><span style=\"color: #000000;\"><strong>Lima, 26 Agosto 2019, (ANDINA).-<\/strong> La vicepresidenta Mercedes Ar\u00e1oz abog\u00f3 por el establecimiento de una agenda de gobernabilidad para darle tranquilidad a la poblaci\u00f3n y permita al pa\u00eds salir de la confrontaci\u00f3n pol\u00edtica.<\/span><\/p>\n<p><span style=\"color: #000000;\">Tras asistir a la ceremonia de promulgaci\u00f3n de cuatro reformas pol\u00edticas, en Palacio de Gobierno, se\u00f1al\u00f3 que es posible llegar a compromisos entre pol\u00edticos con ideas diferentes si se sientan en una mesa de di\u00e1logo.<\/span><\/p>\n<p><span style=\"color: #000000;\">\u00abCreo que las posiciones divergentes entre algunos pol\u00edticos tienen que entenderse como posiciones en las que se pueden llegar a compromisos si se sientan en una mesa de di\u00e1logo (&#8230;) tiene que haber una agenda clave de gobernabilidad porque nosotros tenemos que darle tranquilidad a nuestra poblaci\u00f3n\u00bb, dijo.<\/span><\/p>\n<p><span style=\"color: #000000;\">Ar\u00e1oz se\u00f1al\u00f3 que el mandatario tiene el derecho de mantener una posici\u00f3n pol\u00edtica al apoyar un adelanto de elecciones, sobre la cual \u201ces posible debatir y conversar sobre \u00e9sta\u201d.<\/span><\/p>\n<p><span style=\"color: #000000;\">Por otro lado, salud\u00f3 que la congresista de Fuerza Popular (FP) y presidenta de la Comisi\u00f3n de Constituci\u00f3n, Rosa Bartra, tenga la intenci\u00f3n de poner como prioridad el debate sobre la propuesta de adelanto de elecciones que present\u00f3 el Ejecutivo.<\/span><\/p>\n<p><span style=\"color: #000000;\">\u00abEstamos dentro de los plazos. (&#8230;) Ayer escuch\u00e9 a la se\u00f1ora Bartra. Lo va a poner como prioridad (el proyecto del Ejecutivo) y me parece que eso es bueno. No podemos demorar m\u00e1s en esta discusi\u00f3n\u00bb.<\/span><\/p>\n<p><span style=\"color: #000000;\">Ar\u00e1oz insisti\u00f3 en que el presidente Mart\u00edn Vizcarra deber\u00eda acabar su mandato sea el 2021, pero que lo importante es establecer una agenda cualquiera que sea el resultado final porque el pa\u00eds se lo merece.<\/span><\/p>\n<p><span style=\"color: #000000;\">\u00abLas cosas que hemos podido lograr, estas cuatro normas, est\u00e1n todas las fuerzas pol\u00edticas comprometidas con ellas. Estas han sido debatidas a fondo, con dificultades, con posiciones muy diferentes entre grupos parlamentarios y al final llegamos a tener consensos. Eso es hacer buena pol\u00edtica\u00bb, finaliz\u00f3.<\/span><\/p>\n","protected":false},"excerpt":{"rendered":"<p>La vicepresidenta Mercedes Ar\u00e1oz abog\u00f3 por el establecimiento de una agenda de gobernabilidad para darle tranquilidad a la poblaci\u00f3n y permita al pa\u00eds salir de la confrontaci\u00f3n pol\u00edtica. Lima, 26 Agosto 2019, (ANDINA).- La vicepresidenta Mercedes Ar\u00e1oz abog\u00f3 por el establecimiento de una agenda de gobernabilidad para darle tranquilidad a la poblaci\u00f3n y permita al [&hellip;]<\/p>\n","protected":false},"author":1,"featured_media":55929,"comment_status":"open","ping_status":"open","sticky":false,"template":"","format":"standard","meta":{"rop_custom_images_group":[],"rop_custom_messages_group":[],"rop_publish_now":"initial","rop_publish_now_accounts":[],"rop_publish_now_history":[],"rop_publish_now_status":"pending","footnotes":""},"categories":[5],"tags":[192,79,2013],"class_list":["post-55928","post","type-post","status-publish","format-standard","has-post-thumbnail","hentry","category-actualidad-informativa","tag-congreso","tag-mercedes-araoz","tag-poder-legislativo"],"_links":{"self":[{"href":"https:\/\/elinformanteperu.com\/index.php\/wp-json\/wp\/v2\/posts\/55928","targetHints":{"allow":["GET"]}}],"collection":[{"href":"https:\/\/elinformanteperu.com\/index.php\/wp-json\/wp\/v2\/posts"}],"about":[{"href":"https:\/\/elinformanteperu.com\/index.php\/wp-json\/wp\/v2\/types\/post"}],"author":[{"embeddable":true,"href":"https:\/\/elinformanteperu.com\/index.php\/wp-json\/wp\/v2\/users\/1"}],"replies":[{"embeddable":true,"href":"https:\/\/elinformanteperu.com\/index.php\/wp-json\/wp\/v2\/comments?post=55928"}],"version-history":[{"count":1,"href":"https:\/\/elinformanteperu.com\/index.php\/wp-json\/wp\/v2\/posts\/55928\/revisions"}],"predecessor-version":[{"id":55930,"href":"https:\/\/elinformanteperu.com\/index.php\/wp-json\/wp\/v2\/posts\/55928\/revisions\/55930"}],"wp:featuredmedia":[{"embeddable":true,"href":"https:\/\/elinformanteperu.com\/index.php\/wp-json\/wp\/v2\/media\/55929"}],"wp:attachment":[{"href":"https:\/\/elinformanteperu.com\/index.php\/wp-json\/wp\/v2\/media?parent=55928"}],"wp:term":[{"taxonomy":"category","embeddable":true,"href":"https:\/\/elinformanteperu.com\/index.php\/wp-json\/wp\/v2\/categories?post=55928"},{"taxonomy":"post_tag","embeddable":true,"href":"https:\/\/elinformanteperu.com\/index.php\/wp-json\/wp\/v2\/tags?post=55928"}],"curies":[{"name":"wp","href":"https:\/\/api.w.org\/{rel}","templated":true}]}}