{"id":55925,"date":"2019-08-26T23:28:12","date_gmt":"2019-08-27T04:28:12","guid":{"rendered":"http:\/\/elinformanteperu.com\/?p=55925"},"modified":"2019-08-26T23:28:12","modified_gmt":"2019-08-27T04:28:12","slug":"presidente-vizcarra-promulgo-cuatro-leyes-de-reforma-politica","status":"publish","type":"post","link":"https:\/\/elinformanteperu.com\/index.php\/2019\/08\/26\/presidente-vizcarra-promulgo-cuatro-leyes-de-reforma-politica\/","title":{"rendered":"Presidente Vizcarra promulg\u00f3 cuatro leyes de reforma pol\u00edtica"},"content":{"rendered":"<p><strong><span style=\"color: #000000;\">El presidente Mart\u00edn Vizcarra promulg\u00f3 cuatro aut\u00f3grafas de ley sobre la reforma pol\u00edtica aprobadas por el Pleno del Congreso.<\/span><\/strong><\/p>\n<p><span style=\"color: #000000;\"><strong>Lima, 26 Agosto 2019, (ANDINA).-<\/strong> El presidente Mart\u00edn Vizcarra promulg\u00f3 cuatro aut\u00f3grafas de ley sobre la reforma pol\u00edtica aprobadas por el Pleno del Congreso.<\/span><\/p>\n<p><span style=\"color: #000000;\">Se trata de los proyectos presentados por el Poder Ejecutivo sobre Democracia interna, eliminaci\u00f3n del voto preferencial y Paridad y alternancia, inscripci\u00f3n y cancelaci\u00f3n de organizaciones pol\u00edticas y financiamiento de organizaciones pol\u00edticas.<\/span><\/p>\n<p><span style=\"color: #000000;\">El Mandatario destac\u00f3 que las leyes promulgadas atacan la existencia de partidos pol\u00edticos y movimientos precarios y poco representativos, la falta de transparencia y escasa rendici\u00f3n en las organizaciones pol\u00edticas que las hace vulnerables al ingreso de dinero il\u00edcito a las campa\u00f1as electorales.<\/span><\/p>\n<p><span style=\"color: #000000;\">Dijo tambi\u00e9n que la reforma pol\u00edtica fortalece la democracia y previene posturas autoritarias que son un peligro para todo el continente y el pa\u00eds.<\/span><\/p>\n","protected":false},"excerpt":{"rendered":"<p>El presidente Mart\u00edn Vizcarra promulg\u00f3 cuatro aut\u00f3grafas de ley sobre la reforma pol\u00edtica aprobadas por el Pleno del Congreso. Lima, 26 Agosto 2019, (ANDINA).- El presidente Mart\u00edn Vizcarra promulg\u00f3 cuatro aut\u00f3grafas de ley sobre la reforma pol\u00edtica aprobadas por el Pleno del Congreso. Se trata de los proyectos presentados por el Poder Ejecutivo sobre Democracia [&hellip;]<\/p>\n","protected":false},"author":1,"featured_media":55926,"comment_status":"open","ping_status":"open","sticky":false,"template":"","format":"standard","meta":{"rop_custom_images_group":[],"rop_custom_messages_group":[],"rop_publish_now":"initial","rop_publish_now_accounts":[],"rop_publish_now_history":[],"rop_publish_now_status":"pending","footnotes":""},"categories":[5],"tags":[192,289,1421],"class_list":["post-55925","post","type-post","status-publish","format-standard","has-post-thumbnail","hentry","category-actualidad-informativa","tag-congreso","tag-martin-vizcarra","tag-poder-ejecutivo"],"_links":{"self":[{"href":"https:\/\/elinformanteperu.com\/index.php\/wp-json\/wp\/v2\/posts\/55925","targetHints":{"allow":["GET"]}}],"collection":[{"href":"https:\/\/elinformanteperu.com\/index.php\/wp-json\/wp\/v2\/posts"}],"about":[{"href":"https:\/\/elinformanteperu.com\/index.php\/wp-json\/wp\/v2\/types\/post"}],"author":[{"embeddable":true,"href":"https:\/\/elinformanteperu.com\/index.php\/wp-json\/wp\/v2\/users\/1"}],"replies":[{"embeddable":true,"href":"https:\/\/elinformanteperu.com\/index.php\/wp-json\/wp\/v2\/comments?post=55925"}],"version-history":[{"count":1,"href":"https:\/\/elinformanteperu.com\/index.php\/wp-json\/wp\/v2\/posts\/55925\/revisions"}],"predecessor-version":[{"id":55927,"href":"https:\/\/elinformanteperu.com\/index.php\/wp-json\/wp\/v2\/posts\/55925\/revisions\/55927"}],"wp:featuredmedia":[{"embeddable":true,"href":"https:\/\/elinformanteperu.com\/index.php\/wp-json\/wp\/v2\/media\/55926"}],"wp:attachment":[{"href":"https:\/\/elinformanteperu.com\/index.php\/wp-json\/wp\/v2\/media?parent=55925"}],"wp:term":[{"taxonomy":"category","embeddable":true,"href":"https:\/\/elinformanteperu.com\/index.php\/wp-json\/wp\/v2\/categories?post=55925"},{"taxonomy":"post_tag","embeddable":true,"href":"https:\/\/elinformanteperu.com\/index.php\/wp-json\/wp\/v2\/tags?post=55925"}],"curies":[{"name":"wp","href":"https:\/\/api.w.org\/{rel}","templated":true}]}}