{"id":55922,"date":"2019-08-26T23:24:35","date_gmt":"2019-08-27T04:24:35","guid":{"rendered":"http:\/\/elinformanteperu.com\/?p=55922"},"modified":"2019-08-26T23:24:35","modified_gmt":"2019-08-27T04:24:35","slug":"del-solar-estamos-tratando-de-cambiar-las-condiciones-en-las-que-se-hace-politica","status":"publish","type":"post","link":"https:\/\/elinformanteperu.com\/index.php\/2019\/08\/26\/del-solar-estamos-tratando-de-cambiar-las-condiciones-en-las-que-se-hace-politica\/","title":{"rendered":"Del Solar: Estamos tratando de cambiar las condiciones en las que se hace pol\u00edtica"},"content":{"rendered":"<p><strong><span style=\"color: #000000;\">El presidente del Consejo de Ministros (PCM), Salvador del Solar, se\u00f1al\u00f3 que el Gobierno est\u00e1 intentando cambiar las condiciones en las que se hace pol\u00edtica.<\/span><\/strong><\/p>\n<p><span style=\"color: #000000;\"><strong>Lima, 26 Agosto 2019, (ANDINA).-<\/strong> El presidente del Consejo de Ministros (PCM), Salvador del Solar, se\u00f1al\u00f3 que el Gobierno est\u00e1 intentando cambiar las condiciones en las que se hace pol\u00edtica, a\u00fan si eso implica acortar su mandato y convocar a elecciones generales un a\u00f1o antes de lo previsto.<\/span><\/p>\n<p><span style=\"color: #000000;\">\u00abEn la posici\u00f3n que me toca ocupar, acompa\u00f1ando al presidente Vizcarra, estamos tratando que lo que se supone que son las condiciones en las que tenemos que hacer pol\u00edtica cambien, no importa lo que cueste el esfuerzo\u00bb, se\u00f1al\u00f3 durante la inauguraci\u00f3n del Programa de Desarrollo T\u00e9cnico y Profesional TANI.<\/span><\/p>\n<p><span style=\"color: #000000;\">No importa, a\u00f1adi\u00f3, si ese esfuerzo implica incluso \u00abdecir que nos vamos un a\u00f1o antes, si podemos alterar las condiciones\u00bb para que se conviertan en problemas y, con ello, tener posibilidades de transformarlas en soluciones.<\/span><\/p>\n<p><span style=\"color: #000000;\">Seg\u00fan Del Solar, las condiciones son circunstancias con las que es necesario aprender a convivir, mientras que los problemas pueden ser pelda\u00f1os para una transformaci\u00f3n si es que hay visi\u00f3n.<\/span><\/p>\n<p><span style=\"color: #000000;\">\u00abLas personas que simplemente lidian con las condiciones y se resignan a adaptarse a ellas, son personas que ven (&#8230;) No hay nada absolutamente imposible cuando hay voluntad, un poquito de locura, cuando hay visi\u00f3n\u00bb, puntualiz\u00f3.<\/span><\/p>\n","protected":false},"excerpt":{"rendered":"<p>El presidente del Consejo de Ministros (PCM), Salvador del Solar, se\u00f1al\u00f3 que el Gobierno est\u00e1 intentando cambiar las condiciones en las que se hace pol\u00edtica. Lima, 26 Agosto 2019, (ANDINA).- El presidente del Consejo de Ministros (PCM), Salvador del Solar, se\u00f1al\u00f3 que el Gobierno est\u00e1 intentando cambiar las condiciones en las que se hace pol\u00edtica, [&hellip;]<\/p>\n","protected":false},"author":1,"featured_media":55923,"comment_status":"open","ping_status":"open","sticky":false,"template":"","format":"standard","meta":{"rop_custom_images_group":[],"rop_custom_messages_group":[],"rop_publish_now":"initial","rop_publish_now_accounts":[],"rop_publish_now_history":[],"rop_publish_now_status":"pending","footnotes":""},"categories":[5],"tags":[189,2317,473],"class_list":["post-55922","post","type-post","status-publish","format-standard","has-post-thumbnail","hentry","category-actualidad-informativa","tag-pcm","tag-presidencia-del-consejo-de-ministros","tag-salvador-del-solar"],"_links":{"self":[{"href":"https:\/\/elinformanteperu.com\/index.php\/wp-json\/wp\/v2\/posts\/55922","targetHints":{"allow":["GET"]}}],"collection":[{"href":"https:\/\/elinformanteperu.com\/index.php\/wp-json\/wp\/v2\/posts"}],"about":[{"href":"https:\/\/elinformanteperu.com\/index.php\/wp-json\/wp\/v2\/types\/post"}],"author":[{"embeddable":true,"href":"https:\/\/elinformanteperu.com\/index.php\/wp-json\/wp\/v2\/users\/1"}],"replies":[{"embeddable":true,"href":"https:\/\/elinformanteperu.com\/index.php\/wp-json\/wp\/v2\/comments?post=55922"}],"version-history":[{"count":1,"href":"https:\/\/elinformanteperu.com\/index.php\/wp-json\/wp\/v2\/posts\/55922\/revisions"}],"predecessor-version":[{"id":55924,"href":"https:\/\/elinformanteperu.com\/index.php\/wp-json\/wp\/v2\/posts\/55922\/revisions\/55924"}],"wp:featuredmedia":[{"embeddable":true,"href":"https:\/\/elinformanteperu.com\/index.php\/wp-json\/wp\/v2\/media\/55923"}],"wp:attachment":[{"href":"https:\/\/elinformanteperu.com\/index.php\/wp-json\/wp\/v2\/media?parent=55922"}],"wp:term":[{"taxonomy":"category","embeddable":true,"href":"https:\/\/elinformanteperu.com\/index.php\/wp-json\/wp\/v2\/categories?post=55922"},{"taxonomy":"post_tag","embeddable":true,"href":"https:\/\/elinformanteperu.com\/index.php\/wp-json\/wp\/v2\/tags?post=55922"}],"curies":[{"name":"wp","href":"https:\/\/api.w.org\/{rel}","templated":true}]}}