{"id":55824,"date":"2019-08-26T00:22:36","date_gmt":"2019-08-26T05:22:36","guid":{"rendered":"http:\/\/elinformanteperu.com\/?p=55824"},"modified":"2019-08-26T23:01:14","modified_gmt":"2019-08-27T04:01:14","slug":"pedro-pablo-kuczynski-fue-dado-de-alta-y-regresa-a-su-casa","status":"publish","type":"post","link":"https:\/\/elinformanteperu.com\/index.php\/2019\/08\/26\/pedro-pablo-kuczynski-fue-dado-de-alta-y-regresa-a-su-casa\/","title":{"rendered":"Pedro Pablo Kuczynski fue dado de alta y regresa a su casa"},"content":{"rendered":"<p><span style=\"color: #000000;\"><strong>El expresidente Pedro Pablo Kuczynsi fue dado de alta en la cl\u00ednica local donde se encuentra internado y retornar\u00e1 en breve a su vivienda.<\/strong><\/span><\/p>\n<p><span style=\"color: #000000;\"><strong>Lima, 24 Agosto 2019, (ANDINA).-<\/strong> El expresidente Pedro Pablo Kuczynsi fue dado de alta en la cl\u00ednica local donde se encuentra internado y retornar\u00e1 en breve a su vivienda para cumplir el arresto domiciliario, inform\u00f3 uno de sus abogados, Renzo Miranda.<\/span><\/p>\n<p><span style=\"color: #000000;\">Precis\u00f3 que el exmandatario, investigado en el caso Odebrecht, ya no se encuentra en la Unidad de Cuidados Intensivos, hasta donde fue trasladado ayer con un cuadro de hipertensi\u00f3n arterial con dolor en el pecho.<\/span><\/p>\n<p><span style=\"color: #000000;\">\u201cConforme a la evaluaci\u00f3n m\u00e9dica saldr\u00e1 de alta en unos minutos, ir\u00e1 a su casa para que sea sometido a una evaluaci\u00f3n en su domicilio m\u00e1s intensa de la que ha estado siendo objeto. Ser\u00e1 trasladado con presencia de personal m\u00e9dico\u201d, afirm\u00f3.<\/span><\/p>\n<p><span style=\"color: #000000;\">Indic\u00f3 que el cuadro m\u00e9dico con el cual lleg\u00f3 a la cl\u00ednica Internacional de San Borja ha sido controlado parcialmente, pero que ser\u00e1 necesario que vuelva a la cl\u00ednica para un control.<\/span><\/p>\n<p><span style=\"color: #000000;\">Renzo Miranda descart\u00f3 que el internamiento de Kuczynski estuviera relacionado con el pedido de variaci\u00f3n del arresto domiciliario por prisi\u00f3n que solicit\u00f3 el fiscal Jos\u00e9 Domingo P\u00e9rez al Poder Judicial, la misma que fue denegada.<\/span><\/p>\n<p><span style=\"color: #000000;\">Precis\u00f3 que el exmandatario tiene ese diagn\u00f3stico desde hace tiempo, hecho que se puso en conocimiento del Poder Judicial y fue una de las razones por las cuales se opt\u00f3 por el arresto domiciliario.<\/span><\/p>\n<p><strong><span style=\"color: #000000;\">Visitas sin restricci\u00f3n<\/span><\/strong><\/p>\n<p><span style=\"color: #000000;\">El abogado refiri\u00f3 tambi\u00e9n que el expresidente no tiene restricciones para recibir visitas en su domicilio, conforme a lo se\u00f1alado por el juez Jorge Luis Ch\u00e1vez Tamariz, titular del Tercer Juzgado de Investigaci\u00f3n Preparatoria.<\/span><\/p>\n<p><span style=\"color: #000000;\">\u201cEl juzgado dijo que las visitas no se definen en funci\u00f3n de qui\u00e9n lo vista sino de lo que se pueda probar. Ha se\u00f1alado que las visita de funcionarios p\u00fablicos no son necesariamente de naturaleza pol\u00edtica. Dice que puede recibir toda visita, no hay restricci\u00f3n\u201d, asever\u00f3.<\/span><\/p>\n<p><span style=\"color: #000000;\">Hasta la cl\u00ednica Internacional, donde todav\u00eda se encuentra internado el expresidente, acudi\u00f3 esta tarde la congresista y vicepresidenta Mercedes Ar\u00e1oz.<\/span><\/p>\n","protected":false},"excerpt":{"rendered":"<p>El expresidente Pedro Pablo Kuczynsi fue dado de alta en la cl\u00ednica local donde se encuentra internado y retornar\u00e1 en breve a su vivienda. Lima, 24 Agosto 2019, (ANDINA).- El expresidente Pedro Pablo Kuczynsi fue dado de alta en la cl\u00ednica local donde se encuentra internado y retornar\u00e1 en breve a su vivienda para cumplir [&hellip;]<\/p>\n","protected":false},"author":1,"featured_media":55825,"comment_status":"open","ping_status":"open","sticky":false,"template":"","format":"standard","meta":{"rop_custom_images_group":[],"rop_custom_messages_group":[],"rop_publish_now":"initial","rop_publish_now_accounts":[],"rop_publish_now_history":[],"rop_publish_now_status":"pending","footnotes":""},"categories":[5],"tags":[619,74,163,73],"class_list":["post-55824","post","type-post","status-publish","format-standard","has-post-thumbnail","hentry","category-actualidad-informativa","tag-odebrecht","tag-pedro-pablo-kuczynski","tag-poder-judicial","tag-ppk"],"_links":{"self":[{"href":"https:\/\/elinformanteperu.com\/index.php\/wp-json\/wp\/v2\/posts\/55824","targetHints":{"allow":["GET"]}}],"collection":[{"href":"https:\/\/elinformanteperu.com\/index.php\/wp-json\/wp\/v2\/posts"}],"about":[{"href":"https:\/\/elinformanteperu.com\/index.php\/wp-json\/wp\/v2\/types\/post"}],"author":[{"embeddable":true,"href":"https:\/\/elinformanteperu.com\/index.php\/wp-json\/wp\/v2\/users\/1"}],"replies":[{"embeddable":true,"href":"https:\/\/elinformanteperu.com\/index.php\/wp-json\/wp\/v2\/comments?post=55824"}],"version-history":[{"count":1,"href":"https:\/\/elinformanteperu.com\/index.php\/wp-json\/wp\/v2\/posts\/55824\/revisions"}],"predecessor-version":[{"id":55826,"href":"https:\/\/elinformanteperu.com\/index.php\/wp-json\/wp\/v2\/posts\/55824\/revisions\/55826"}],"wp:featuredmedia":[{"embeddable":true,"href":"https:\/\/elinformanteperu.com\/index.php\/wp-json\/wp\/v2\/media\/55825"}],"wp:attachment":[{"href":"https:\/\/elinformanteperu.com\/index.php\/wp-json\/wp\/v2\/media?parent=55824"}],"wp:term":[{"taxonomy":"category","embeddable":true,"href":"https:\/\/elinformanteperu.com\/index.php\/wp-json\/wp\/v2\/categories?post=55824"},{"taxonomy":"post_tag","embeddable":true,"href":"https:\/\/elinformanteperu.com\/index.php\/wp-json\/wp\/v2\/tags?post=55824"}],"curies":[{"name":"wp","href":"https:\/\/api.w.org\/{rel}","templated":true}]}}