{"id":55822,"date":"2019-08-26T00:17:59","date_gmt":"2019-08-26T05:17:59","guid":{"rendered":"http:\/\/elinformanteperu.com\/?p=55822"},"modified":"2019-08-26T00:17:59","modified_gmt":"2019-08-26T05:17:59","slug":"pleno-etico-estos-son-los-casos-con-informe-para-una-sancion-que-vera-el-congreso","status":"publish","type":"post","link":"https:\/\/elinformanteperu.com\/index.php\/2019\/08\/26\/pleno-etico-estos-son-los-casos-con-informe-para-una-sancion-que-vera-el-congreso\/","title":{"rendered":"Pleno \u00e9tico: Estos son los casos con informe para una sanci\u00f3n que ver\u00e1 el Congreso"},"content":{"rendered":"<p><strong><span style=\"color: #000000;\">El pleno del Congreso se reunir\u00e1 el martes 3 de setiembre para debatir los informes de la Comisi\u00f3n de \u00c9tica que recomiendan la suspensi\u00f3n de varios congresistas.<\/span><\/strong><\/p>\n<p><span style=\"color: #000000;\"><strong>Lima, 25 Agosto 2019, (ANDINA).-<\/strong> El pleno del Congreso se reunir\u00e1 el martes 3 de setiembre para debatir los informes de la Comisi\u00f3n de \u00c9tica que recomiendan la suspensi\u00f3n de los congresistas Yesenia Ponce (PPK), Daniel Salaverry (UR), Mois\u00e9s Mamani (FP) y Roberto Vieira (C21) por faltas al C\u00f3digo de \u00c9tica parlamentario.<\/span><\/p>\n<p><span style=\"color: #000000;\">La sesi\u00f3n est\u00e1 convocada para las 9:00 horas. Por acuerdo de la Junta de Portavoces, ser\u00e1 una sesi\u00f3n plenaria dedicada exclusivamente a ver los informes de la Comisi\u00f3n de \u00c9tica.<\/span><\/p>\n<p><span style=\"color: #000000;\">Estos son los casos que est\u00e1n en agenda:<\/span><\/p>\n<p><strong><span style=\"color: #000000;\">1. Yesenia Ponce Villareal<\/span><\/strong><\/p>\n<p><span style=\"color: #000000;\">Por haber faltado a la verdad a la Comisi\u00f3n, al negar que vivi\u00f3 en el inmueble ubicado en la avenida Del Pinar 520, urbanizaci\u00f3n Chacarilla del Estanque, conducta con la cual ha infringido lo dispuesto en el art\u00edculo 2 del C\u00f3digo de \u00c9tica Parlamentaria.<\/span><\/p>\n<p><span style=\"color: #000000;\">La Comisi\u00f3n de \u00c9tica Parlamentaria recomienda una suspensi\u00f3n en el ejercicio del cargo y descuento de sus haberes por 60 d\u00edas de legislatura, adem\u00e1s de remitir a la Subcomisi\u00f3n de Acusaciones Constitucionales copia de todo lo actuado.<\/span><\/p>\n<p><strong><span style=\"color: #000000;\">2. Daniel Salaverry Villa<\/span><\/strong><\/p>\n<p><span style=\"color: #000000;\">La Comisi\u00f3n de \u00c9tica investig\u00f3 de oficio al congresista por habr\u00eda infringido los principios de transparencia, honradez, veracidad, responsabilidad e integridad establecidos en el C\u00f3digo de \u00c9tica Parlamentaria por incluir en su informe de representaci\u00f3n actividades que no hab\u00eda realizado.<\/span><\/p>\n<p><span style=\"color: #000000;\">Recomiendan una suspensi\u00f3n en el ejercicio del cargo y descuento de sus haberes por 120 d\u00edas de legislatura y remitir a la Subcomisi\u00f3n de Acusaciones Constitucionales copia fedateada de todo lo actuado.<\/span><\/p>\n<p><strong><span style=\"color: #000000;\">3. Mois\u00e9s Mamani Colquehuanca<\/span><\/strong><\/p>\n<p><span style=\"color: #000000;\">Se le investigo por presentar documentaci\u00f3n falsa en licitaciones con el Estado y de haber mentido en su declaraci\u00f3n jurada de hoja de vida cuando fue candidato en el proceso electoral del a\u00f1o 2016, en lo referente a sus estudios escolares, primarios y secundarios. Habr\u00eda infringido los principios de transparencia, honradez, veracidad, responsabilidad e integridad, establecidos en el C\u00f3digo de \u00c9tica Parlamentaria.<\/span><\/p>\n<p><span style=\"color: #000000;\">Se recomienda una suspensi\u00f3n en el ejercicio del cargo y descuento de sus haberes por 120 d\u00edas de legislatura y remitir a la Subcomisi\u00f3n de Acusaciones Constitucionales copia fedateada de todo lo actuado.<\/span><\/p>\n<p><strong><span style=\"color: #000000;\">4. Roberto Vieira Portugal<\/span><\/strong><\/p>\n<p><span style=\"color: #000000;\">Se le investig\u00f3 por los audios donde se escucha al parlamentario pedir a su primo 20,000 mil d\u00f3lares a cambio de interceder a su favor por una sanci\u00f3n que le impuso el Ministerio de la Producci\u00f3n. Su conducta habr\u00eda infringido del C\u00f3digo de \u00c9tica Parlamentaria.<\/span><\/p>\n<p><span style=\"color: #000000;\">Se recomienda la suspensi\u00f3n en el ejercicio del cargo y descuento de sus haberes por 120 veinte d\u00edas de legislatura y remitir lo actuado al Ministerio P\u00fablico que lo investiga tambi`\u00b4en por este caso, y a la Subcomisi\u00f3n de Acusaciones Constitucionales.<\/span><\/p>\n<p><span style=\"color: #000000;\">De aprobarse la suspensi\u00f3n en el pleno para los congresistas Yesenia Ponce y Mois\u00e9s Mamani, ser\u00e1 la segunda sanci\u00f3n que les impone el Parlamento.<\/span><\/p>\n","protected":false},"excerpt":{"rendered":"<p>El pleno del Congreso se reunir\u00e1 el martes 3 de setiembre para debatir los informes de la Comisi\u00f3n de \u00c9tica que recomiendan la suspensi\u00f3n de varios congresistas. Lima, 25 Agosto 2019, (ANDINA).- El pleno del Congreso se reunir\u00e1 el martes 3 de setiembre para debatir los informes de la Comisi\u00f3n de \u00c9tica que recomiendan la [&hellip;]<\/p>\n","protected":false},"author":1,"featured_media":49547,"comment_status":"open","ping_status":"open","sticky":false,"template":"","format":"standard","meta":{"rop_custom_images_group":[],"rop_custom_messages_group":[],"rop_publish_now":"initial","rop_publish_now_accounts":[],"rop_publish_now_history":[],"rop_publish_now_status":"pending","footnotes":""},"categories":[5],"tags":[192],"class_list":["post-55822","post","type-post","status-publish","format-standard","has-post-thumbnail","hentry","category-actualidad-informativa","tag-congreso"],"_links":{"self":[{"href":"https:\/\/elinformanteperu.com\/index.php\/wp-json\/wp\/v2\/posts\/55822","targetHints":{"allow":["GET"]}}],"collection":[{"href":"https:\/\/elinformanteperu.com\/index.php\/wp-json\/wp\/v2\/posts"}],"about":[{"href":"https:\/\/elinformanteperu.com\/index.php\/wp-json\/wp\/v2\/types\/post"}],"author":[{"embeddable":true,"href":"https:\/\/elinformanteperu.com\/index.php\/wp-json\/wp\/v2\/users\/1"}],"replies":[{"embeddable":true,"href":"https:\/\/elinformanteperu.com\/index.php\/wp-json\/wp\/v2\/comments?post=55822"}],"version-history":[{"count":1,"href":"https:\/\/elinformanteperu.com\/index.php\/wp-json\/wp\/v2\/posts\/55822\/revisions"}],"predecessor-version":[{"id":55823,"href":"https:\/\/elinformanteperu.com\/index.php\/wp-json\/wp\/v2\/posts\/55822\/revisions\/55823"}],"wp:featuredmedia":[{"embeddable":true,"href":"https:\/\/elinformanteperu.com\/index.php\/wp-json\/wp\/v2\/media\/49547"}],"wp:attachment":[{"href":"https:\/\/elinformanteperu.com\/index.php\/wp-json\/wp\/v2\/media?parent=55822"}],"wp:term":[{"taxonomy":"category","embeddable":true,"href":"https:\/\/elinformanteperu.com\/index.php\/wp-json\/wp\/v2\/categories?post=55822"},{"taxonomy":"post_tag","embeddable":true,"href":"https:\/\/elinformanteperu.com\/index.php\/wp-json\/wp\/v2\/tags?post=55822"}],"curies":[{"name":"wp","href":"https:\/\/api.w.org\/{rel}","templated":true}]}}