{"id":55814,"date":"2019-08-26T00:05:36","date_gmt":"2019-08-26T05:05:36","guid":{"rendered":"http:\/\/elinformanteperu.com\/?p=55814"},"modified":"2019-08-26T00:05:36","modified_gmt":"2019-08-26T05:05:36","slug":"en-30-se-reduciria-espera-de-vehiculos-en-semaforos-gracias-a-olas-verdes","status":"publish","type":"post","link":"https:\/\/elinformanteperu.com\/index.php\/2019\/08\/26\/en-30-se-reduciria-espera-de-vehiculos-en-semaforos-gracias-a-olas-verdes\/","title":{"rendered":"En 30 % se reducir\u00eda espera de veh\u00edculos en sem\u00e1foros gracias a \u201colas verdes\u201d"},"content":{"rendered":"<p><strong><span style=\"color: #000000;\">En un 30 % se reducir\u00eda el tiempo de espera de los conductores en los sem\u00e1foros de Lima con la sincronizaci\u00f3n y monitoreo de estos.<\/span><\/strong><\/p>\n<p><span style=\"color: #000000;\"><strong>Lima, 25 Agosto 2019, (ANDINA).-<\/strong> En un 30 % se reducir\u00eda el tiempo de espera de los conductores en los sem\u00e1foros de Lima con la sincronizaci\u00f3n y monitoreo de estos a trav\u00e9s de la central que maneja Protr\u00e1nsito, inform\u00f3 el jefe de ese organismo, Fernando Perera.<\/span><\/p>\n<p><span style=\"color: #000000;\">Con esa finalidad, dijo, se est\u00e1 trabajando en la centralizaci\u00f3n de los sem\u00e1foros ubicados en las principales intersecciones de la capital.<\/span><\/p>\n<p><span style=\"color: #000000;\">Anot\u00f3 que el tiempo que actualmente se espera en un sem\u00e1foro depende del volumen del tr\u00e1fico y que lo m\u00e1ximo en una \u201cola verde\u201d deber\u00eda ser 300 segundos (cinco minutos).<\/span><\/p>\n<p><span style=\"color: #000000;\">Pero en el caso de la avenida Javier Prado -como en otras grandes v\u00edas- el pase de unidades no deber\u00eda ser tan largo como lo hace el polic\u00eda de tr\u00e1nsito, que rompe los ciclos semaf\u00f3ricos.<\/span><\/p>\n<p><span style=\"color: #000000;\">Perera admiti\u00f3 que la aplicaci\u00f3n de Pico y placa ha generado la sobrecarga vehicular en ciertas v\u00edas laterales, por lo que \u2013dijo- se ha hecho el conteo para aplicar los ajustes necesarios.<\/span><\/p>\n<p><span style=\"color: #000000;\">No obstante, el especialista sostuvo que debe tenerse en cuenta que anualmente ingresan a Lima 200,000 veh\u00edculos nuevos \u201cy mantener las condiciones de circulaci\u00f3n de esas unidades implicar\u00eda la construcci\u00f3n del equivalente a una avenida Arequipa cada a\u00f1o\u201d.<\/span><\/p>\n<p><span style=\"color: #000000;\">Agreg\u00f3 que esa situaci\u00f3n debe cambiar y por eso la municipalidad metropolitana trabaja en el fortalecimiento del transporte masivo con los corredores viales. \u201cTenemos que ir m\u00e1s al uso del transporte colectivo y no al individual\u201d.<\/span><\/p>\n<p><span style=\"color: #000000;\">Perera precis\u00f3 que en las avenidas saturadas no solo hay problemas de manejo de flujo de veh\u00edculos sino de la capacidad de las v\u00edas. \u201cCuando una v\u00eda est\u00e1 en punto de saturaci\u00f3n, el problema es de aumento de capacidad f\u00edsica de la misma y en esos casos hay que pensar en mejoras geom\u00e9tricas\u201d, a\u00f1adi\u00f3.<\/span><\/p>\n<p><strong><span style=\"color: #000000;\">Central de monitoreo<\/span><\/strong><\/p>\n<p><span style=\"color: #000000;\">Quienes operan el sistema centralizado de las intersecciones semaforizadas est\u00e1n divididos en grupos. El primero de ellos opera las c\u00e1maras para monitorear en tiempo real el funcionamiento de los sem\u00e1foros; mientras que el segundo equipo est\u00e1 conformado por ingenieros que analizan la data recogida y reformulan, de ser necesario, los tiempos de ciclos semaf\u00f3ricos.<\/span><\/p>\n<p><span style=\"color: #000000;\">Lo que se conseguir\u00e1 para Lima es conformar progresivamente la red integrada de sem\u00e1foros para centralizar el monitoreo de \u00e9stos, lo cual ayudar\u00e1 a gestionar las \u201colas verdes\u201d y reducir el tiempo de espera de los conductores, dijo el funcionario.<\/span><\/p>\n<p><span style=\"color: #000000;\">Actualmente se trabaja en la centralizaci\u00f3n de los cruces semaforizados en 20 distritos de la ciudad capital.<\/span><\/p>\n<p><strong><span style=\"color: #000000;\">Fiscalizaci\u00f3n electr\u00f3nica<\/span><\/strong><\/p>\n<p><span style=\"color: #000000;\">En la misma sede de Protr\u00e1nsito funcionar\u00e1 en breve un centro de fiscalizaci\u00f3n electr\u00f3nica con nueva tecnolog\u00eda para detectar con radar y con c\u00e1maras especiales las infracciones de tr\u00e1nsito.<\/span><\/p>\n<p><span style=\"color: #000000;\">Inmediatamente, dijo finalmente, se emitir\u00e1 la papeleta de tr\u00e1nsito al conductor infractor.<\/span><\/p>\n","protected":false},"excerpt":{"rendered":"<p>En un 30 % se reducir\u00eda el tiempo de espera de los conductores en los sem\u00e1foros de Lima con la sincronizaci\u00f3n y monitoreo de estos. Lima, 25 Agosto 2019, (ANDINA).- En un 30 % se reducir\u00eda el tiempo de espera de los conductores en los sem\u00e1foros de Lima con la sincronizaci\u00f3n y monitoreo de estos [&hellip;]<\/p>\n","protected":false},"author":1,"featured_media":55815,"comment_status":"open","ping_status":"open","sticky":false,"template":"","format":"standard","meta":{"rop_custom_images_group":[],"rop_custom_messages_group":[],"rop_publish_now":"initial","rop_publish_now_accounts":[],"rop_publish_now_history":[],"rop_publish_now_status":"pending","footnotes":""},"categories":[10],"tags":[1613,4792],"class_list":["post-55814","post","type-post","status-publish","format-standard","has-post-thumbnail","hentry","category-actualidad-municipal","tag-lima","tag-protransito"],"_links":{"self":[{"href":"https:\/\/elinformanteperu.com\/index.php\/wp-json\/wp\/v2\/posts\/55814","targetHints":{"allow":["GET"]}}],"collection":[{"href":"https:\/\/elinformanteperu.com\/index.php\/wp-json\/wp\/v2\/posts"}],"about":[{"href":"https:\/\/elinformanteperu.com\/index.php\/wp-json\/wp\/v2\/types\/post"}],"author":[{"embeddable":true,"href":"https:\/\/elinformanteperu.com\/index.php\/wp-json\/wp\/v2\/users\/1"}],"replies":[{"embeddable":true,"href":"https:\/\/elinformanteperu.com\/index.php\/wp-json\/wp\/v2\/comments?post=55814"}],"version-history":[{"count":1,"href":"https:\/\/elinformanteperu.com\/index.php\/wp-json\/wp\/v2\/posts\/55814\/revisions"}],"predecessor-version":[{"id":55816,"href":"https:\/\/elinformanteperu.com\/index.php\/wp-json\/wp\/v2\/posts\/55814\/revisions\/55816"}],"wp:featuredmedia":[{"embeddable":true,"href":"https:\/\/elinformanteperu.com\/index.php\/wp-json\/wp\/v2\/media\/55815"}],"wp:attachment":[{"href":"https:\/\/elinformanteperu.com\/index.php\/wp-json\/wp\/v2\/media?parent=55814"}],"wp:term":[{"taxonomy":"category","embeddable":true,"href":"https:\/\/elinformanteperu.com\/index.php\/wp-json\/wp\/v2\/categories?post=55814"},{"taxonomy":"post_tag","embeddable":true,"href":"https:\/\/elinformanteperu.com\/index.php\/wp-json\/wp\/v2\/tags?post=55814"}],"curies":[{"name":"wp","href":"https:\/\/api.w.org\/{rel}","templated":true}]}}