{"id":55704,"date":"2019-08-22T20:08:01","date_gmt":"2019-08-23T01:08:01","guid":{"rendered":"http:\/\/elinformanteperu.com\/?p=55704"},"modified":"2019-08-22T20:08:01","modified_gmt":"2019-08-23T01:08:01","slug":"lima-2019-omara-durand-la-leyenda-del-paratletismo-mundial-dejara-sus-huellas","status":"publish","type":"post","link":"https:\/\/elinformanteperu.com\/index.php\/2019\/08\/22\/lima-2019-omara-durand-la-leyenda-del-paratletismo-mundial-dejara-sus-huellas\/","title":{"rendered":"Lima 2019: Omara Durand, la leyenda del paratletismo mundial dejar\u00e1 sus huellas"},"content":{"rendered":"<p><strong><span style=\"color: #000000;\">Una de las estrellas del movimiento paral\u00edmpico y la paratleta m\u00e1s veloz del mundo, la cubana Omara Durand, estampa sus manos en una placa de cemento.<\/span><\/strong><\/p>\n<p><span style=\"color: #000000;\"><strong>Lima, 22 Agosto 2019, (ANDINA).-<\/strong> Una de las estrellas del movimiento paral\u00edmpico y la paratleta m\u00e1s veloz del mundo, la cubana Omara Durand, estampa sus manos en una placa de cemento, que ser\u00e1 expuesta en el paseo de la fama de la Videna, donde tambi\u00e9n est\u00e1n las del jamaiquino Usain Bolt, el hombre m\u00e1s veloz de la historia del atletismo.<\/span><\/p>\n<p><span style=\"color: #000000;\">Durand fue la primera mujer que baj\u00f3 la barrera de los 12 segundos en la prueba reina del paratletismo y adem\u00e1s cuenta con el r\u00e9cord mundial (11.40 segundos).<\/span><\/p>\n<p><span style=\"color: #000000;\">La joya del caribe, adem\u00e1s, competir\u00e1 en las pruebas de 200 y 400 metros planos de la clase T12 (atletas con discapacidad visual), pruebas que se desarrollar\u00e1n desde el 24 de agosto en el Estadio Atl\u00e9tico de la Videna.<\/span><\/p>\n<p><span style=\"color: #000000;\">Omara est\u00e1 en nuestra capital para lograr un hist\u00f3rico tercer triple oro en Lima 2019, en sus tres especialidades atl\u00e9ticas, que se sumar\u00edan a las conquistadas en los Parapanamericanos de R\u00edo 2007 y Toronto 2015. La multimedallista ol\u00edmpica y mundial se convierte as\u00ed en una de las figuras que el aficionado peruano puede disfrutar.<\/span><\/p>\n<p><span style=\"color: #000000;\">Al acto asisten el presidente de la Comisi\u00f3n Organizadora de Lima 2019, Carlos Neuhaus; el alcalde de Lima, Jorge Mu\u00f1oz; el presidente de la Comit\u00e9 Paral\u00edmpico Internacional (IPC por sus siglas en ingl\u00e9s), Andrew Parsons; as\u00ed como el flamante titular de la Asociaci\u00f3n Paral\u00edmpica de las Am\u00e9ricas (APC por sus siglas en ingl\u00e9s), Julio \u00c1vila.<\/span><\/p>\n<p><strong><span style=\"color: #000000;\">Compra tus entradas<\/span><\/strong><\/p>\n<p><span style=\"color: #000000;\">Para asistir a los partidos, adem\u00e1s de la ceremonia de inauguraci\u00f3n y clausura, ya est\u00e1n a la venta los boletos desde 10 soles. Habr\u00e1 descuentos del 50 % para menores de 18 a\u00f1os, adultos mayores y personas con discapacidad. Las entradas solo se compran en los 11 m\u00f3dulos de venta autorizados ubicados en la ciudad.<\/span><\/p>\n<p><span style=\"color: #000000;\">Tambi\u00e9n se podr\u00e1n adquirir v\u00eda online, a trav\u00e9s de la p\u00e1gina <strong>lima2019.pe\/tickets<\/strong>, en la cual est\u00e1n detallados los cronogramas de competencias. En el caso de la entrada digital, denominada e-ticket, ya no ser\u00e1 necesaria la impresi\u00f3n, ya que el espectador podr\u00e1 presentarla, en el ingreso de la sede, a trav\u00e9s de la pantalla de su celular.<\/span><\/p>\n<p><img fetchpriority=\"high\" decoding=\"async\" class=\"aligncenter size-full wp-image-52223\" src=\"http:\/\/elinformanteperu.com\/wp-content\/uploads\/2019\/07\/juegos-parapanamericanos.jpg\" alt=\"\" width=\"1800\" height=\"1200\" srcset=\"https:\/\/elinformanteperu.com\/wp-content\/uploads\/2019\/07\/juegos-parapanamericanos.jpg 1800w, https:\/\/elinformanteperu.com\/wp-content\/uploads\/2019\/07\/juegos-parapanamericanos-300x200.jpg 300w, https:\/\/elinformanteperu.com\/wp-content\/uploads\/2019\/07\/juegos-parapanamericanos-768x512.jpg 768w, https:\/\/elinformanteperu.com\/wp-content\/uploads\/2019\/07\/juegos-parapanamericanos-1024x683.jpg 1024w, https:\/\/elinformanteperu.com\/wp-content\/uploads\/2019\/07\/juegos-parapanamericanos-128x85.jpg 128w, https:\/\/elinformanteperu.com\/wp-content\/uploads\/2019\/07\/juegos-parapanamericanos-32x21.jpg 32w\" sizes=\"(max-width: 1800px) 100vw, 1800px\" \/><\/p>\n","protected":false},"excerpt":{"rendered":"<p>Una de las estrellas del movimiento paral\u00edmpico y la paratleta m\u00e1s veloz del mundo, la cubana Omara Durand, estampa sus manos en una placa de cemento. Lima, 22 Agosto 2019, (ANDINA).- Una de las estrellas del movimiento paral\u00edmpico y la paratleta m\u00e1s veloz del mundo, la cubana Omara Durand, estampa sus manos en una placa [&hellip;]<\/p>\n","protected":false},"author":1,"featured_media":55705,"comment_status":"open","ping_status":"open","sticky":false,"template":"","format":"standard","meta":{"rop_custom_images_group":[],"rop_custom_messages_group":[],"rop_publish_now":"initial","rop_publish_now_accounts":[],"rop_publish_now_history":[],"rop_publish_now_status":"pending","footnotes":""},"categories":[8],"tags":[715,4788,2003],"class_list":["post-55704","post","type-post","status-publish","format-standard","has-post-thumbnail","hentry","category-disciplinas-deportivas","tag-carlos-neuhaus","tag-omara-durand","tag-parapanamericanos-lima-2019"],"_links":{"self":[{"href":"https:\/\/elinformanteperu.com\/index.php\/wp-json\/wp\/v2\/posts\/55704","targetHints":{"allow":["GET"]}}],"collection":[{"href":"https:\/\/elinformanteperu.com\/index.php\/wp-json\/wp\/v2\/posts"}],"about":[{"href":"https:\/\/elinformanteperu.com\/index.php\/wp-json\/wp\/v2\/types\/post"}],"author":[{"embeddable":true,"href":"https:\/\/elinformanteperu.com\/index.php\/wp-json\/wp\/v2\/users\/1"}],"replies":[{"embeddable":true,"href":"https:\/\/elinformanteperu.com\/index.php\/wp-json\/wp\/v2\/comments?post=55704"}],"version-history":[{"count":1,"href":"https:\/\/elinformanteperu.com\/index.php\/wp-json\/wp\/v2\/posts\/55704\/revisions"}],"predecessor-version":[{"id":55706,"href":"https:\/\/elinformanteperu.com\/index.php\/wp-json\/wp\/v2\/posts\/55704\/revisions\/55706"}],"wp:featuredmedia":[{"embeddable":true,"href":"https:\/\/elinformanteperu.com\/index.php\/wp-json\/wp\/v2\/media\/55705"}],"wp:attachment":[{"href":"https:\/\/elinformanteperu.com\/index.php\/wp-json\/wp\/v2\/media?parent=55704"}],"wp:term":[{"taxonomy":"category","embeddable":true,"href":"https:\/\/elinformanteperu.com\/index.php\/wp-json\/wp\/v2\/categories?post=55704"},{"taxonomy":"post_tag","embeddable":true,"href":"https:\/\/elinformanteperu.com\/index.php\/wp-json\/wp\/v2\/tags?post=55704"}],"curies":[{"name":"wp","href":"https:\/\/api.w.org\/{rel}","templated":true}]}}