{"id":55628,"date":"2019-08-21T23:42:14","date_gmt":"2019-08-22T04:42:14","guid":{"rendered":"http:\/\/elinformanteperu.com\/?p=55628"},"modified":"2019-08-21T23:42:14","modified_gmt":"2019-08-22T04:42:14","slug":"callao-dictan-prision-preventiva-a-11-sujetos-por-narcotrafico-en-la-modalidad-de-buceo","status":"publish","type":"post","link":"https:\/\/elinformanteperu.com\/index.php\/2019\/08\/21\/callao-dictan-prision-preventiva-a-11-sujetos-por-narcotrafico-en-la-modalidad-de-buceo\/","title":{"rendered":"Callao: dictan prisi\u00f3n preventiva a 11 sujetos por narcotr\u00e1fico en la modalidad de buceo"},"content":{"rendered":"<p><strong><span style=\"color: #000000;\">La Corte Superior de Justicia del Callao dict\u00f3 16 meses de prisi\u00f3n preventiva contra 11 implicados en el traslado il\u00edcito droga en embarcaciones navieras con destino a Europa y Barbados.<\/span><\/strong><\/p>\n<p><span style=\"color: #000000;\"><strong>Lima, 21 Agosto 2019, (ANDINA).<\/strong>&#8211; La Corte Superior de Justicia del Callao dict\u00f3 16 meses de prisi\u00f3n preventiva contra 11 implicados en el traslado il\u00edcito droga en embarcaciones navieras con destino a Europa y Barbados, mediante la utilizaci\u00f3n de buzos en altamar, inform\u00f3 la entidad judicial.<\/span><\/p>\n<p><span style=\"color: #000000;\">Los procesados por el delito de tr\u00e1fico il\u00edcito de drogas agravado, en la modalidad de \u201cpre\u00f1ado\u201d de buceo, son Luis Eduardo Ortiz Portilla, Henry Herrera Magallanes, Wilmer Vigil Sam, Luis Enrique Saavedra Ypanaque, Cristian Manuel Valverde Camacho.<\/span><\/p>\n<p><span style=\"color: #000000;\">Tambi\u00e9n, Jos\u00e9 Manuel Huaman\u00ed Jara, Santiago Edilberto Prado Asenjo, Paul Manuel Garc\u00eda Guerra Flores, Wilder Jos\u00e9 Caysahuana Estrada, Luis Carlos Carvallo Trujillo y Carlos Andr\u00e9s Pulgarin Togon.<\/span><\/p>\n<p><span style=\"color: #000000;\">La sala penal inform\u00f3 que entre los procesados se encuentran 3 oficiales de la Marina de Guerra del Per\u00fa y 4 ciudadanos de nacionalidad colombiana.<\/span><\/p>\n<p><strong><span style=\"color: #000000;\">Mujer liberada<\/span><\/strong><\/p>\n<p><span style=\"color: #000000;\">Carmen Marina Castellanos Rojas es la \u00fanica mujer implicada en el caso a quien el Juez le otorg\u00f3 comparecencia restringida por no contar con elementos suficientes para ser recluida en el penal del Callao Sarita Colonia, teniendo que cumplir normas de conducta y pagar una cauci\u00f3n de S\/ 4,000 en el lapso de treinta d\u00edas calendarios.<\/span><\/p>\n<p><span style=\"color: #000000;\">Adem\u00e1s, se le dict\u00f3 control biom\u00e9trico e impedimento salida del pa\u00eds y la obligaci\u00f3n de concurrir a la autoridad judicial y fiscal las veces que sea requerida.<\/span><\/p>\n<p><span style=\"color: #000000;\">La decisi\u00f3n de la sala judicial se bas\u00f3 en el art\u00edculo 268 del C\u00f3digo Procesal Penal (CPP), quinto p\u00e1rrafo y la casaci\u00f3n 626-2013 de Moquegua.<\/span><\/p>\n<p><span style=\"color: #000000;\">Asimismo, se declar\u00f3 fundado la prisi\u00f3n preventiva bajo el amparo del art\u00edculo 296, numeral 6 y 7 del C\u00f3digo Penal, por la proporcionalidad de la pena teniendo poder grave vinculatorio.<\/span><\/p>\n<p><span style=\"color: #000000;\">Las sanciones por el delito de Tr\u00e1fico Il\u00edcito de Drogas Agravado ameritan una condena no menor de 15 a\u00f1os ni mayor de 25.<\/span><\/p>\n<p><span style=\"color: #000000;\">As\u00ed tambi\u00e9n se consider\u00f3 el art\u00edculo 297 del C\u00f3digo Penal sobre peligro de fuga y obstaculizaci\u00f3n de las investigaciones y considerando adem\u00e1s la casaci\u00f3n 1445-2018 sobre arraigo familiar, cuya motivaci\u00f3n fue modificada y la medida necesaria.<\/span><\/p>\n","protected":false},"excerpt":{"rendered":"<p>La Corte Superior de Justicia del Callao dict\u00f3 16 meses de prisi\u00f3n preventiva contra 11 implicados en el traslado il\u00edcito droga en embarcaciones navieras con destino a Europa y Barbados. Lima, 21 Agosto 2019, (ANDINA).&#8211; La Corte Superior de Justicia del Callao dict\u00f3 16 meses de prisi\u00f3n preventiva contra 11 implicados en el traslado il\u00edcito [&hellip;]<\/p>\n","protected":false},"author":1,"featured_media":55629,"comment_status":"open","ping_status":"open","sticky":false,"template":"","format":"standard","meta":{"rop_custom_images_group":[],"rop_custom_messages_group":[],"rop_publish_now":"initial","rop_publish_now_accounts":[],"rop_publish_now_history":[],"rop_publish_now_status":"pending","footnotes":""},"categories":[10],"tags":[535,163],"class_list":["post-55628","post","type-post","status-publish","format-standard","has-post-thumbnail","hentry","category-actualidad-municipal","tag-callao","tag-poder-judicial"],"_links":{"self":[{"href":"https:\/\/elinformanteperu.com\/index.php\/wp-json\/wp\/v2\/posts\/55628","targetHints":{"allow":["GET"]}}],"collection":[{"href":"https:\/\/elinformanteperu.com\/index.php\/wp-json\/wp\/v2\/posts"}],"about":[{"href":"https:\/\/elinformanteperu.com\/index.php\/wp-json\/wp\/v2\/types\/post"}],"author":[{"embeddable":true,"href":"https:\/\/elinformanteperu.com\/index.php\/wp-json\/wp\/v2\/users\/1"}],"replies":[{"embeddable":true,"href":"https:\/\/elinformanteperu.com\/index.php\/wp-json\/wp\/v2\/comments?post=55628"}],"version-history":[{"count":1,"href":"https:\/\/elinformanteperu.com\/index.php\/wp-json\/wp\/v2\/posts\/55628\/revisions"}],"predecessor-version":[{"id":55630,"href":"https:\/\/elinformanteperu.com\/index.php\/wp-json\/wp\/v2\/posts\/55628\/revisions\/55630"}],"wp:featuredmedia":[{"embeddable":true,"href":"https:\/\/elinformanteperu.com\/index.php\/wp-json\/wp\/v2\/media\/55629"}],"wp:attachment":[{"href":"https:\/\/elinformanteperu.com\/index.php\/wp-json\/wp\/v2\/media?parent=55628"}],"wp:term":[{"taxonomy":"category","embeddable":true,"href":"https:\/\/elinformanteperu.com\/index.php\/wp-json\/wp\/v2\/categories?post=55628"},{"taxonomy":"post_tag","embeddable":true,"href":"https:\/\/elinformanteperu.com\/index.php\/wp-json\/wp\/v2\/tags?post=55628"}],"curies":[{"name":"wp","href":"https:\/\/api.w.org\/{rel}","templated":true}]}}