{"id":55624,"date":"2019-08-21T22:50:01","date_gmt":"2019-08-22T03:50:01","guid":{"rendered":"http:\/\/elinformanteperu.com\/?p=55624"},"modified":"2019-08-21T22:50:01","modified_gmt":"2019-08-22T03:50:01","slug":"pico-y-placa-velocidad-aumento-en-20-en-corredores-donde-se-aplica-plan","status":"publish","type":"post","link":"https:\/\/elinformanteperu.com\/index.php\/2019\/08\/21\/pico-y-placa-velocidad-aumento-en-20-en-corredores-donde-se-aplica-plan\/","title":{"rendered":"Pico y placa: velocidad aument\u00f3 en 20% en corredores donde se aplica plan"},"content":{"rendered":"<p><strong><span style=\"color: #000000;\">El plan de restricci\u00f3n vehicular Pico y placa ha permitido que la velocidad del transporte p\u00fablico aumente en un 20% en los cinco ejes viales de Lima donde se aplica.<\/span><\/strong><\/p>\n<p><span style=\"color: #000000;\"><strong>Lima, 21 Agosto 2019, (ANDINA).-<\/strong> El plan de restricci\u00f3n vehicular Pico y placa ha permitido que la velocidad del transporte p\u00fablico aumente en un 20% en los cinco ejes viales de Lima donde se aplica, destac\u00f3 hoy el alcalde Jorge Mu\u00f1oz.<\/span><\/p>\n<p><span style=\"color: #000000;\">El burgomaestre lime\u00f1o dijo que se observa una mayor fluidez del tr\u00e1nsito en las v\u00edas con restricci\u00f3n, lo que permite que las personas lleguen m\u00e1s temprano a sus trabajos, centros de estudio y reuniones.<\/span><\/p>\n<p><span style=\"color: #000000;\">\u201cAhora tenemos todo en la ciudad. Hay clases en los colegios y universidades, tenemos los Parapanamericanos. Entonces, las mediciones que estamos teniendo en estos d\u00edas, pese a todo esto, es positiva\u201d, subray\u00f3.<\/span><\/p>\n<p><span style=\"color: #000000;\">Sostuvo que su gesti\u00f3n est\u00e1 adoptando todas las medidas que sean necesarias para mejorar la transitabilidad en Lima en base a estad\u00edsticas, y no en base a decisiones o apreciaciones subjetivas.<\/span><\/p>\n<p><span style=\"color: #000000;\">\u201cGracias a Dios, los n\u00fameros, los resultados, las estad\u00edsticas que tenemos son n\u00fameros muy positivos. Inclusive hay una encuesta, que no la hemos mandado hacer nosotros, que dice que el 53% de la poblaci\u00f3n est\u00e1 de acuerdo con Pico y placa\u201d, anot\u00f3.<\/span><\/p>\n<p><strong><span style=\"color: #000000;\">Papeletas<\/span><\/strong><\/p>\n<p><img fetchpriority=\"high\" decoding=\"async\" class=\"aligncenter size-full wp-image-55626\" src=\"http:\/\/elinformanteperu.com\/wp-content\/uploads\/2019\/08\/mu\u00f1oz-pico-y-placa.jpg\" alt=\"\" width=\"500\" height=\"333\" srcset=\"https:\/\/elinformanteperu.com\/wp-content\/uploads\/2019\/08\/mu\u00f1oz-pico-y-placa.jpg 500w, https:\/\/elinformanteperu.com\/wp-content\/uploads\/2019\/08\/mu\u00f1oz-pico-y-placa-300x200.jpg 300w, https:\/\/elinformanteperu.com\/wp-content\/uploads\/2019\/08\/mu\u00f1oz-pico-y-placa-128x85.jpg 128w, https:\/\/elinformanteperu.com\/wp-content\/uploads\/2019\/08\/mu\u00f1oz-pico-y-placa-32x21.jpg 32w\" sizes=\"(max-width: 500px) 100vw, 500px\" \/><span style=\"color: #000000;\">Inform\u00f3 que desde el inicio de Pico y placa, el 22 de julio pasado, se han aplicado 139,000 papeletas, incluidas aquellas que son de naturaleza educativa, que se impusieron hasta el 4 de agosto.<\/span><\/p>\n<p><span style=\"color: #000000;\">\u201cHay una ca\u00edda (del n\u00famero de papeletas) y la gente est\u00e1 realmente entendiendo y acatando esta medida\u201d, subray\u00f3.<\/span><\/p>\n<p><span style=\"color: #000000;\">Consider\u00f3 que, pese a que este tipo de medidas no son mayormente del gusto de los ciudadanos, las estad\u00edsticas est\u00e1n mostrando una aceptaci\u00f3n mayoritaria.<\/span><\/p>\n<p><span style=\"color: #000000;\">Mu\u00f1oz inspeccion\u00f3 esta ma\u00f1ana el eje vial Javier Prado, al entrar en vigencia mejoras al plan de restricci\u00f3n Pico y placa.<\/span><\/p>\n<p><span style=\"color: #000000;\">Mencion\u00f3 el cambio de la franja horaria de la mencionada medida que se ha acortado de 06.30 a 10.00 horas (antes era de 06.00 a 10.00 horas), mientras que en la franja horaria de la tarde se mantiene igual de 17.00 a 21 horas.<\/span><\/p>\n<p><span style=\"color: #000000;\">Asimismo, destac\u00f3 la incorporaci\u00f3n de minivanes y coaster (categor\u00eda M-2) en el plan de restricci\u00f3n vehicular.<\/span><\/p>\n<p><span style=\"color: #000000;\">Otra de las modificaciones al plan Pico y placa es la exoneraci\u00f3n de la medida a los veh\u00edculos que transportan a personas con discapacidad leve y moderada (la norma anterior solo beneficiaba a personas con discapacidad severa).<\/span><\/p>\n<p><img decoding=\"async\" class=\"aligncenter size-full wp-image-54113\" src=\"http:\/\/elinformanteperu.com\/wp-content\/uploads\/2019\/07\/pico-y-placa3.jpg\" alt=\"\" width=\"1800\" height=\"1200\" srcset=\"https:\/\/elinformanteperu.com\/wp-content\/uploads\/2019\/07\/pico-y-placa3.jpg 1800w, https:\/\/elinformanteperu.com\/wp-content\/uploads\/2019\/07\/pico-y-placa3-300x200.jpg 300w, https:\/\/elinformanteperu.com\/wp-content\/uploads\/2019\/07\/pico-y-placa3-768x512.jpg 768w, https:\/\/elinformanteperu.com\/wp-content\/uploads\/2019\/07\/pico-y-placa3-1024x683.jpg 1024w, https:\/\/elinformanteperu.com\/wp-content\/uploads\/2019\/07\/pico-y-placa3-128x85.jpg 128w, https:\/\/elinformanteperu.com\/wp-content\/uploads\/2019\/07\/pico-y-placa3-32x21.jpg 32w\" sizes=\"(max-width: 1800px) 100vw, 1800px\" \/><span style=\"color: #000000;\">De igual modo, se\u00f1al\u00f3 que el \u00e1rea de fiscalizaci\u00f3n en el eje vial Javier Prado\u2013S\u00e1nchez Carri\u00f3n\u2013La Marina se ha recortado desde hoy en la zona este llegando hasta el tr\u00e9bol de Javier Prado, con lo cual se excluye al distrito de La Molina de la aplicaci\u00f3n de este plan.<\/span><\/p>\n<p><span style=\"color: #000000;\">En esa l\u00ednea, Mu\u00f1oz inform\u00f3 que los t\u00e9cnicos de la Municipalidad de Lima y la Polic\u00eda Nacional del Per\u00fa (PNP) est\u00e1n trabajando de manera coordinadamente para la elaboraci\u00f3n de propuestas de medidas adicionales para mejorar el tr\u00e1nsito en la ciudad.<\/span><\/p>\n<p><span style=\"color: #000000;\">\u201cPico y placa es uno de los \u00e1rboles del gran bosque que tenemos que propiciar, construir, desarrollar para poder tener una ciudad transitable y, adem\u00e1s que esto nos permita poner las bases para tener una movilidad sostenible en la capital\u201d, subray\u00f3.<\/span><\/p>\n","protected":false},"excerpt":{"rendered":"<p>El plan de restricci\u00f3n vehicular Pico y placa ha permitido que la velocidad del transporte p\u00fablico aumente en un 20% en los cinco ejes viales de Lima donde se aplica. Lima, 21 Agosto 2019, (ANDINA).- El plan de restricci\u00f3n vehicular Pico y placa ha permitido que la velocidad del transporte p\u00fablico aumente en un 20% [&hellip;]<\/p>\n","protected":false},"author":1,"featured_media":55625,"comment_status":"open","ping_status":"open","sticky":false,"template":"","format":"standard","meta":{"rop_custom_images_group":[],"rop_custom_messages_group":[],"rop_publish_now":"initial","rop_publish_now_accounts":[],"rop_publish_now_history":[],"rop_publish_now_status":"pending","footnotes":""},"categories":[10],"tags":[3476,122,4664],"class_list":["post-55624","post","type-post","status-publish","format-standard","has-post-thumbnail","hentry","category-actualidad-municipal","tag-jorge-munoz","tag-municipalidad-de-lima","tag-pico-y-placa"],"_links":{"self":[{"href":"https:\/\/elinformanteperu.com\/index.php\/wp-json\/wp\/v2\/posts\/55624","targetHints":{"allow":["GET"]}}],"collection":[{"href":"https:\/\/elinformanteperu.com\/index.php\/wp-json\/wp\/v2\/posts"}],"about":[{"href":"https:\/\/elinformanteperu.com\/index.php\/wp-json\/wp\/v2\/types\/post"}],"author":[{"embeddable":true,"href":"https:\/\/elinformanteperu.com\/index.php\/wp-json\/wp\/v2\/users\/1"}],"replies":[{"embeddable":true,"href":"https:\/\/elinformanteperu.com\/index.php\/wp-json\/wp\/v2\/comments?post=55624"}],"version-history":[{"count":1,"href":"https:\/\/elinformanteperu.com\/index.php\/wp-json\/wp\/v2\/posts\/55624\/revisions"}],"predecessor-version":[{"id":55627,"href":"https:\/\/elinformanteperu.com\/index.php\/wp-json\/wp\/v2\/posts\/55624\/revisions\/55627"}],"wp:featuredmedia":[{"embeddable":true,"href":"https:\/\/elinformanteperu.com\/index.php\/wp-json\/wp\/v2\/media\/55625"}],"wp:attachment":[{"href":"https:\/\/elinformanteperu.com\/index.php\/wp-json\/wp\/v2\/media?parent=55624"}],"wp:term":[{"taxonomy":"category","embeddable":true,"href":"https:\/\/elinformanteperu.com\/index.php\/wp-json\/wp\/v2\/categories?post=55624"},{"taxonomy":"post_tag","embeddable":true,"href":"https:\/\/elinformanteperu.com\/index.php\/wp-json\/wp\/v2\/tags?post=55624"}],"curies":[{"name":"wp","href":"https:\/\/api.w.org\/{rel}","templated":true}]}}