{"id":55619,"date":"2019-08-21T22:45:06","date_gmt":"2019-08-22T03:45:06","guid":{"rendered":"http:\/\/elinformanteperu.com\/?p=55619"},"modified":"2019-08-21T22:45:06","modified_gmt":"2019-08-22T03:45:06","slug":"antorcha-parapanamericana-inicio-su-recorrido-por-las-calles-de-lima","status":"publish","type":"post","link":"https:\/\/elinformanteperu.com\/index.php\/2019\/08\/21\/antorcha-parapanamericana-inicio-su-recorrido-por-las-calles-de-lima\/","title":{"rendered":"Antorcha Parapanamericana inici\u00f3 su recorrido por las calles de Lima"},"content":{"rendered":"<p><strong><span style=\"color: #000000;\">La Antorcha Parapanamericana, s\u00edmbolo que encarna el esp\u00edritu de los Juegos, dio inicio a su recorrido por la capital, en el distrito de Santiago de Surco.<\/span><\/strong><\/p>\n<p><span style=\"color: #000000;\"><strong>Lima, 21 Agosto 2019, (ANDINA).-<\/strong> La Antorcha Parapanamericana, s\u00edmbolo que encarna el esp\u00edritu de los Juegos, dio inicio a su recorrido por la capital, en el distrito de Santiago de Surco, trasportando un mensaje de confraternidad y creando una atm\u00f3sfera festiva, que contagi\u00f3 a los transe\u00fantes lime\u00f1os con los valores Paral\u00edmpicos.<\/span><\/p>\n<p><span style=\"color: #000000;\">En ese marco, la Secretaria Ejecutiva de Lima 2019, Amalia Moreno, quien fue portadora de la Antorcha, subray\u00f3 la trascendencia de este recorrido, debido a que permite sentar las bases para la construcci\u00f3n de una sociedad m\u00e1s inclusiva, en la que se revalore el desempe\u00f1o atl\u00e9tico de los Para deportistas de todo el continente.<\/span><\/p>\n<p><span style=\"color: #000000;\">\u201cTodos nuestros compatriotas se deben unir para apoyar el desenvolvimiento de este gran evento Para deportivo, en el que se dar\u00e1n cita los m\u00e1s destacados Para atletas de Am\u00e9rica\u201d, expres\u00f3 la funcionaria, destilando emoci\u00f3n.<\/span><\/p>\n<p><img fetchpriority=\"high\" decoding=\"async\" class=\"aligncenter size-full wp-image-55622\" src=\"http:\/\/elinformanteperu.com\/wp-content\/uploads\/2019\/08\/parapanamericanos-antorcha2.jpg\" alt=\"\" width=\"1800\" height=\"1200\" srcset=\"https:\/\/elinformanteperu.com\/wp-content\/uploads\/2019\/08\/parapanamericanos-antorcha2.jpg 1800w, https:\/\/elinformanteperu.com\/wp-content\/uploads\/2019\/08\/parapanamericanos-antorcha2-300x200.jpg 300w, https:\/\/elinformanteperu.com\/wp-content\/uploads\/2019\/08\/parapanamericanos-antorcha2-768x512.jpg 768w, https:\/\/elinformanteperu.com\/wp-content\/uploads\/2019\/08\/parapanamericanos-antorcha2-1024x683.jpg 1024w, https:\/\/elinformanteperu.com\/wp-content\/uploads\/2019\/08\/parapanamericanos-antorcha2-128x85.jpg 128w, https:\/\/elinformanteperu.com\/wp-content\/uploads\/2019\/08\/parapanamericanos-antorcha2-32x21.jpg 32w\" sizes=\"(max-width: 1800px) 100vw, 1800px\" \/><span style=\"color: #000000;\">Por su parte, la jefa de equipo de la delegaci\u00f3n peruana de Para taekwondo, Delicia Paredes, luego de llevar la Antorcha, expres\u00f3 \u201ces una gran emoci\u00f3n ser parte de esta festividad en la que los peruanos nos convertimos en embajadores del m\u00e1s grande evento Para deportivo del continente y que, por primera vez, se realiza en nuestro pa\u00eds\u201d.<\/span><\/p>\n<p><span style=\"color: #000000;\">En este primer tramo, la Llama Parapanamericana atraves\u00f3 los distritos de Santiago de Surco, Surquillo y San Borja, donde los residentes se unieron a la fiesta, en la que no dejaba de escucharse los c\u00e9lebres c\u00e1nticos \u201carriba Per\u00fa\u201d y \u201cc\u00f3mo no te voy a querer\u201d, que nos han reivindicado como la mejor hinchada del mundo.<\/span><\/p>\n<p><span style=\"color: #000000;\">De esta manera, la Llama Parapanamericana empez\u00f3 su itinerario, en el que los peruanos reafirmaron a su patria como epicentro de lo mejor del Para deporte a nivel continental.<\/span><\/p>\n<p><img decoding=\"async\" class=\"aligncenter size-full wp-image-55621\" src=\"http:\/\/elinformanteperu.com\/wp-content\/uploads\/2019\/08\/parapanamericanos-antorcha1.jpg\" alt=\"\" width=\"1800\" height=\"1200\" srcset=\"https:\/\/elinformanteperu.com\/wp-content\/uploads\/2019\/08\/parapanamericanos-antorcha1.jpg 1800w, https:\/\/elinformanteperu.com\/wp-content\/uploads\/2019\/08\/parapanamericanos-antorcha1-300x200.jpg 300w, https:\/\/elinformanteperu.com\/wp-content\/uploads\/2019\/08\/parapanamericanos-antorcha1-768x512.jpg 768w, https:\/\/elinformanteperu.com\/wp-content\/uploads\/2019\/08\/parapanamericanos-antorcha1-1024x683.jpg 1024w, https:\/\/elinformanteperu.com\/wp-content\/uploads\/2019\/08\/parapanamericanos-antorcha1-128x85.jpg 128w, https:\/\/elinformanteperu.com\/wp-content\/uploads\/2019\/08\/parapanamericanos-antorcha1-32x21.jpg 32w\" sizes=\"(max-width: 1800px) 100vw, 1800px\" \/><\/p>\n","protected":false},"excerpt":{"rendered":"<p>La Antorcha Parapanamericana, s\u00edmbolo que encarna el esp\u00edritu de los Juegos, dio inicio a su recorrido por la capital, en el distrito de Santiago de Surco. Lima, 21 Agosto 2019, (ANDINA).- La Antorcha Parapanamericana, s\u00edmbolo que encarna el esp\u00edritu de los Juegos, dio inicio a su recorrido por la capital, en el distrito de Santiago [&hellip;]<\/p>\n","protected":false},"author":1,"featured_media":55620,"comment_status":"open","ping_status":"open","sticky":false,"template":"","format":"standard","meta":{"rop_custom_images_group":[],"rop_custom_messages_group":[],"rop_publish_now":"initial","rop_publish_now_accounts":[],"rop_publish_now_history":[],"rop_publish_now_status":"pending","footnotes":""},"categories":[8],"tags":[2003],"class_list":["post-55619","post","type-post","status-publish","format-standard","has-post-thumbnail","hentry","category-disciplinas-deportivas","tag-parapanamericanos-lima-2019"],"_links":{"self":[{"href":"https:\/\/elinformanteperu.com\/index.php\/wp-json\/wp\/v2\/posts\/55619","targetHints":{"allow":["GET"]}}],"collection":[{"href":"https:\/\/elinformanteperu.com\/index.php\/wp-json\/wp\/v2\/posts"}],"about":[{"href":"https:\/\/elinformanteperu.com\/index.php\/wp-json\/wp\/v2\/types\/post"}],"author":[{"embeddable":true,"href":"https:\/\/elinformanteperu.com\/index.php\/wp-json\/wp\/v2\/users\/1"}],"replies":[{"embeddable":true,"href":"https:\/\/elinformanteperu.com\/index.php\/wp-json\/wp\/v2\/comments?post=55619"}],"version-history":[{"count":1,"href":"https:\/\/elinformanteperu.com\/index.php\/wp-json\/wp\/v2\/posts\/55619\/revisions"}],"predecessor-version":[{"id":55623,"href":"https:\/\/elinformanteperu.com\/index.php\/wp-json\/wp\/v2\/posts\/55619\/revisions\/55623"}],"wp:featuredmedia":[{"embeddable":true,"href":"https:\/\/elinformanteperu.com\/index.php\/wp-json\/wp\/v2\/media\/55620"}],"wp:attachment":[{"href":"https:\/\/elinformanteperu.com\/index.php\/wp-json\/wp\/v2\/media?parent=55619"}],"wp:term":[{"taxonomy":"category","embeddable":true,"href":"https:\/\/elinformanteperu.com\/index.php\/wp-json\/wp\/v2\/categories?post=55619"},{"taxonomy":"post_tag","embeddable":true,"href":"https:\/\/elinformanteperu.com\/index.php\/wp-json\/wp\/v2\/tags?post=55619"}],"curies":[{"name":"wp","href":"https:\/\/api.w.org\/{rel}","templated":true}]}}