{"id":55616,"date":"2019-08-21T22:35:36","date_gmt":"2019-08-22T03:35:36","guid":{"rendered":"http:\/\/elinformanteperu.com\/?p=55616"},"modified":"2019-08-21T22:35:36","modified_gmt":"2019-08-22T03:35:36","slug":"miguel-trauco-ni-bien-llegue-al-club-el-tecnico-ya-queria-que-juegue","status":"publish","type":"post","link":"https:\/\/elinformanteperu.com\/index.php\/2019\/08\/21\/miguel-trauco-ni-bien-llegue-al-club-el-tecnico-ya-queria-que-juegue\/","title":{"rendered":"Miguel Trauco: \u00abNi bien llegu\u00e9 al club, el t\u00e9cnico ya quer\u00eda que juegue\u00bb"},"content":{"rendered":"<p><strong><span style=\"color: #000000;\">Miguel Trauco, lateral de la selecci\u00f3n peruana, habl\u00f3 sobre su presente con el Saint-\u00c9tienne de La Ligue 1 de Francia, club con el que disput\u00f3 dos partidos oficiales.<\/span><\/strong><\/p>\n<p><span style=\"color: #000000;\"><strong>Lima, 21 Agosto 2019, (ANDINA).-<\/strong> Miguel Trauco, lateral de la selecci\u00f3n peruana, habl\u00f3 sobre su presente con el Saint-\u00c9tienne de La Ligue 1 de Francia, club con el que disput\u00f3 dos partidos oficiales, ni bien lleg\u00f3 a tierras francesas.<\/span><\/p>\n<p><span style=\"color: #000000;\">\u00abRealmente estoy feliz porque jugu\u00e9 como titular ni bien llegu\u00e9 a Francia y eso era lo que quer\u00eda. Ahora solo me queda seguir entrenando muy fuerte para mantenerme de la mejor manera y considero que estoy por buen camino\u00bb, sostuvo Miguel Trauco, en una entrevista a RPP.<\/span><\/p>\n<p><span style=\"color: #000000;\">El &#8216;genio&#8217; resalt\u00f3 que la liga de Francia se basa en lo f\u00edsico, y que trabaja cada d\u00eda para adaptarse y ganarse la titularidad en el Saint-\u00c9tienne, equipo con el que firm\u00f3 por tres temporadas.<\/span><\/p>\n<p><span style=\"color: #000000;\">\u00abDe alguna manera fue un cambio brusco para m\u00ed, porque la liga francesa se basa en lo f\u00edsico, ac\u00e1 hay jugadores con talla de 1.90m y hasta de dos metro. Estoy en esa adaptaci\u00f3n y espero ir mejorando con el correr de los partidos\u00bb, manifest\u00f3 el lateral izquierdo de la selecci\u00f3n peruana.<\/span><\/p>\n<p><span style=\"color: #000000;\">\u00abNi bien llegu\u00e9 al club, el t\u00e9cnico ya quer\u00eda que juegue, incluso sin entrenar. Eso, de alguna manera, me dej\u00f3 feliz porque gozar\u00eda de mayores oportunidades. Me gusta que me valoren y ahora en la cancha espero retribuirlo con buenas actuaciones\u00bb, agreg\u00f3 Trauco.<\/span><\/p>\n<p><strong><span style=\"color: #000000;\">Sobre la selecci\u00f3n peruana<\/span><\/strong><\/p>\n<p><span style=\"color: #000000;\">El lateral tambi\u00e9n cont\u00f3 sobre la reuni\u00f3n que tuvo con el profesor Ricardo Gareca y N\u00e9stor Bonillo, adem\u00e1s, desminti\u00f3 que le hab\u00eda pedido a Gareca que no lo convoque para los amistosos ante Ecuador y Brasil.<\/span><\/p>\n<p><span style=\"color: #000000;\">\u00abB\u00e1sicamente hablamos sobre mi adaptaci\u00f3n en Francia. M\u00e1s bien le\u00ed por ah\u00ed que yo le hab\u00eda pedido al &#8216;profe&#8217; que no me convoque para seguir con mi adaptaci\u00f3n en el Saint Ettiene, pero fue todo lo contrario. Yo le dije que en todos los amistoso quer\u00eda estar con mi Selecci\u00f3n\u00bb, aclar\u00f3 el &#8216;Genio&#8217;.<\/span><\/p>\n<p><span style=\"color: #000000;\"><strong>El duelo entre Flamengo vs Internacional<\/strong><\/span><\/p>\n<p><span style=\"color: #000000;\">Su ex club Flamengo se enfrentar\u00e1 al Internacional de Paolo Guerrero por los cuartos de final de la Copa Libertadores, Trauco opin\u00f3 al respecto del duelo.<\/span><\/p>\n<p><span style=\"color: #000000;\">\u201cHoy mi coraz\u00f3n estar\u00e1 con el Flamengo. Es un club que me recibi\u00f3 y trat\u00f3 de la mejor manera cuando estuve en Brasil. Paolo Guerrero es solamente un compa\u00f1ero de selecci\u00f3n\u00bb, finaliz\u00f3 Miguel Trauco.<\/span><\/p>\n<p><img fetchpriority=\"high\" decoding=\"async\" class=\"aligncenter size-full wp-image-54613\" src=\"http:\/\/elinformanteperu.com\/wp-content\/uploads\/2019\/08\/Miguel-Trauco-Francia.jpg\" alt=\"\" width=\"1800\" height=\"1200\" srcset=\"https:\/\/elinformanteperu.com\/wp-content\/uploads\/2019\/08\/Miguel-Trauco-Francia.jpg 1800w, https:\/\/elinformanteperu.com\/wp-content\/uploads\/2019\/08\/Miguel-Trauco-Francia-300x200.jpg 300w, https:\/\/elinformanteperu.com\/wp-content\/uploads\/2019\/08\/Miguel-Trauco-Francia-768x512.jpg 768w, https:\/\/elinformanteperu.com\/wp-content\/uploads\/2019\/08\/Miguel-Trauco-Francia-1024x683.jpg 1024w, https:\/\/elinformanteperu.com\/wp-content\/uploads\/2019\/08\/Miguel-Trauco-Francia-128x85.jpg 128w, https:\/\/elinformanteperu.com\/wp-content\/uploads\/2019\/08\/Miguel-Trauco-Francia-32x21.jpg 32w\" sizes=\"(max-width: 1800px) 100vw, 1800px\" \/><\/p>\n","protected":false},"excerpt":{"rendered":"<p>Miguel Trauco, lateral de la selecci\u00f3n peruana, habl\u00f3 sobre su presente con el Saint-\u00c9tienne de La Ligue 1 de Francia, club con el que disput\u00f3 dos partidos oficiales. Lima, 21 Agosto 2019, (ANDINA).- Miguel Trauco, lateral de la selecci\u00f3n peruana, habl\u00f3 sobre su presente con el Saint-\u00c9tienne de La Ligue 1 de Francia, club con [&hellip;]<\/p>\n","protected":false},"author":1,"featured_media":55617,"comment_status":"open","ping_status":"open","sticky":false,"template":"","format":"standard","meta":{"rop_custom_images_group":[],"rop_custom_messages_group":[],"rop_publish_now":"initial","rop_publish_now_accounts":[],"rop_publish_now_history":[],"rop_publish_now_status":"pending","footnotes":""},"categories":[8],"tags":[227,519],"class_list":["post-55616","post","type-post","status-publish","format-standard","has-post-thumbnail","hentry","category-disciplinas-deportivas","tag-flamengo","tag-miguel-trauco"],"_links":{"self":[{"href":"https:\/\/elinformanteperu.com\/index.php\/wp-json\/wp\/v2\/posts\/55616","targetHints":{"allow":["GET"]}}],"collection":[{"href":"https:\/\/elinformanteperu.com\/index.php\/wp-json\/wp\/v2\/posts"}],"about":[{"href":"https:\/\/elinformanteperu.com\/index.php\/wp-json\/wp\/v2\/types\/post"}],"author":[{"embeddable":true,"href":"https:\/\/elinformanteperu.com\/index.php\/wp-json\/wp\/v2\/users\/1"}],"replies":[{"embeddable":true,"href":"https:\/\/elinformanteperu.com\/index.php\/wp-json\/wp\/v2\/comments?post=55616"}],"version-history":[{"count":1,"href":"https:\/\/elinformanteperu.com\/index.php\/wp-json\/wp\/v2\/posts\/55616\/revisions"}],"predecessor-version":[{"id":55618,"href":"https:\/\/elinformanteperu.com\/index.php\/wp-json\/wp\/v2\/posts\/55616\/revisions\/55618"}],"wp:featuredmedia":[{"embeddable":true,"href":"https:\/\/elinformanteperu.com\/index.php\/wp-json\/wp\/v2\/media\/55617"}],"wp:attachment":[{"href":"https:\/\/elinformanteperu.com\/index.php\/wp-json\/wp\/v2\/media?parent=55616"}],"wp:term":[{"taxonomy":"category","embeddable":true,"href":"https:\/\/elinformanteperu.com\/index.php\/wp-json\/wp\/v2\/categories?post=55616"},{"taxonomy":"post_tag","embeddable":true,"href":"https:\/\/elinformanteperu.com\/index.php\/wp-json\/wp\/v2\/tags?post=55616"}],"curies":[{"name":"wp","href":"https:\/\/api.w.org\/{rel}","templated":true}]}}