{"id":55610,"date":"2019-08-21T21:19:28","date_gmt":"2019-08-22T02:19:28","guid":{"rendered":"http:\/\/elinformanteperu.com\/?p=55610"},"modified":"2019-08-21T21:19:28","modified_gmt":"2019-08-22T02:19:28","slug":"paolo-guerrero-hablo-sobre-duelo-que-tendra-ante-su-antiguo-equipo-por-copa-libertadores","status":"publish","type":"post","link":"https:\/\/elinformanteperu.com\/index.php\/2019\/08\/21\/paolo-guerrero-hablo-sobre-duelo-que-tendra-ante-su-antiguo-equipo-por-copa-libertadores\/","title":{"rendered":"Paolo Guerrero habl\u00f3 sobre duelo que tendr\u00e1 ante su antiguo equipo por Copa Libertadores"},"content":{"rendered":"<p><strong><span style=\"color: #000000;\">El delantero peruano Paolo Guerrero habl\u00f3 sobre el duelo que tendr\u00e1 ante su antiguo equipo el Flamengo por el partido de ida\u00a0 en el estadio Maracan\u00e1.<\/span><\/strong><\/p>\n<p><span style=\"color: #000000;\"><strong>Lima, 21 Agosto 2019, (ANDINA).-<\/strong> El delantero peruano Paolo Guerrero habl\u00f3 sobre el duelo que tendr\u00e1 ante su antiguo equipo el Flamengo por el partido de ida de los cuartos de final de la Copa Libertadores en el estadio Maracan\u00e1.<\/span><\/p>\n<p><span style=\"color: #000000;\">\u00abEs lindo siempre cuando uno se reencuentra con los clubes por los que pas\u00f3. Ahora defiendo los colores del Internacional y mi objetivo est\u00e1 aqu\u00ed\u00bb sostuvo Paolo Guerrero.<\/span><\/p>\n<p><span style=\"color: #000000;\">Adem\u00e1s, manifest\u00f3 que el Internacional est\u00e1 en condiciones de hacer grandes partidos y clasificar a la semifinales del torneo m\u00e1s prestigioso de Sudam\u00e9rica.<\/span><\/p>\n<p><span style=\"color: #000000;\">\u00abEs un juego muy importante, pero considero que Inter tiene la capacidad para hacer grandes partidos y lograr la clasificaci\u00f3n a la semifinal\u00bb, manifest\u00f3 el Depredador.<\/span><\/p>\n<p><span style=\"color: #000000;\">Cabe resaltar que el equipo de Porto Alegre disputar\u00e1 el partido de vuelta ante el Cruzeiro por la semifinal de la Copa de Brasil. El Depredador mencion\u00f3 que est\u00e1n acostumbrados a enfrentar rivales duros.<\/span><\/p>\n<p><span style=\"color: #000000;\">\u00abUno tiene que estar acostumbrado a este tipo de partidos, porque enfrentamos a rivales muy duros, no solo en la Copa Libertadores, sino tambi\u00e9n en la Copa de Brasil\u00bb, finaliz\u00f3 Guerrero.<\/span><\/p>\n<p><img fetchpriority=\"high\" decoding=\"async\" class=\"aligncenter size-full wp-image-55228\" src=\"http:\/\/elinformanteperu.com\/wp-content\/uploads\/2019\/08\/paolo-guerrero-inter-1.jpg\" alt=\"\" width=\"1800\" height=\"1200\" srcset=\"https:\/\/elinformanteperu.com\/wp-content\/uploads\/2019\/08\/paolo-guerrero-inter-1.jpg 1800w, https:\/\/elinformanteperu.com\/wp-content\/uploads\/2019\/08\/paolo-guerrero-inter-1-300x200.jpg 300w, https:\/\/elinformanteperu.com\/wp-content\/uploads\/2019\/08\/paolo-guerrero-inter-1-768x512.jpg 768w, https:\/\/elinformanteperu.com\/wp-content\/uploads\/2019\/08\/paolo-guerrero-inter-1-1024x683.jpg 1024w, https:\/\/elinformanteperu.com\/wp-content\/uploads\/2019\/08\/paolo-guerrero-inter-1-128x85.jpg 128w, https:\/\/elinformanteperu.com\/wp-content\/uploads\/2019\/08\/paolo-guerrero-inter-1-32x21.jpg 32w\" sizes=\"(max-width: 1800px) 100vw, 1800px\" \/><\/p>\n","protected":false},"excerpt":{"rendered":"<p>El delantero peruano Paolo Guerrero habl\u00f3 sobre el duelo que tendr\u00e1 ante su antiguo equipo el Flamengo por el partido de ida\u00a0 en el estadio Maracan\u00e1. Lima, 21 Agosto 2019, (ANDINA).- El delantero peruano Paolo Guerrero habl\u00f3 sobre el duelo que tendr\u00e1 ante su antiguo equipo el Flamengo por el partido de ida de los [&hellip;]<\/p>\n","protected":false},"author":1,"featured_media":55611,"comment_status":"open","ping_status":"open","sticky":false,"template":"","format":"standard","meta":{"rop_custom_images_group":[],"rop_custom_messages_group":[],"rop_publish_now":"initial","rop_publish_now_accounts":[],"rop_publish_now_history":[],"rop_publish_now_status":"pending","footnotes":""},"categories":[8],"tags":[227,3445,203],"class_list":["post-55610","post","type-post","status-publish","format-standard","has-post-thumbnail","hentry","category-disciplinas-deportivas","tag-flamengo","tag-inter-de-porto-alegre","tag-paolo-guerrero"],"_links":{"self":[{"href":"https:\/\/elinformanteperu.com\/index.php\/wp-json\/wp\/v2\/posts\/55610","targetHints":{"allow":["GET"]}}],"collection":[{"href":"https:\/\/elinformanteperu.com\/index.php\/wp-json\/wp\/v2\/posts"}],"about":[{"href":"https:\/\/elinformanteperu.com\/index.php\/wp-json\/wp\/v2\/types\/post"}],"author":[{"embeddable":true,"href":"https:\/\/elinformanteperu.com\/index.php\/wp-json\/wp\/v2\/users\/1"}],"replies":[{"embeddable":true,"href":"https:\/\/elinformanteperu.com\/index.php\/wp-json\/wp\/v2\/comments?post=55610"}],"version-history":[{"count":1,"href":"https:\/\/elinformanteperu.com\/index.php\/wp-json\/wp\/v2\/posts\/55610\/revisions"}],"predecessor-version":[{"id":55612,"href":"https:\/\/elinformanteperu.com\/index.php\/wp-json\/wp\/v2\/posts\/55610\/revisions\/55612"}],"wp:featuredmedia":[{"embeddable":true,"href":"https:\/\/elinformanteperu.com\/index.php\/wp-json\/wp\/v2\/media\/55611"}],"wp:attachment":[{"href":"https:\/\/elinformanteperu.com\/index.php\/wp-json\/wp\/v2\/media?parent=55610"}],"wp:term":[{"taxonomy":"category","embeddable":true,"href":"https:\/\/elinformanteperu.com\/index.php\/wp-json\/wp\/v2\/categories?post=55610"},{"taxonomy":"post_tag","embeddable":true,"href":"https:\/\/elinformanteperu.com\/index.php\/wp-json\/wp\/v2\/tags?post=55610"}],"curies":[{"name":"wp","href":"https:\/\/api.w.org\/{rel}","templated":true}]}}