{"id":55607,"date":"2019-08-21T21:16:23","date_gmt":"2019-08-22T02:16:23","guid":{"rendered":"http:\/\/elinformanteperu.com\/?p=55607"},"modified":"2019-08-21T21:16:23","modified_gmt":"2019-08-22T02:16:23","slug":"alianza-lima-considera-dificil-la-renovacion-de-kevin-quevedo","status":"publish","type":"post","link":"https:\/\/elinformanteperu.com\/index.php\/2019\/08\/21\/alianza-lima-considera-dificil-la-renovacion-de-kevin-quevedo\/","title":{"rendered":"Alianza Lima considera dif\u00edcil la renovaci\u00f3n de Kevin Quevedo"},"content":{"rendered":"<p><strong><span style=\"color: #000000;\">El gerente deportivo de Alianza Lima, Gustavo Zevallos se pronunci\u00f3 sobre la situaci\u00f3n del volante \u00edntimo, Kevin Quevedo, a quien desean ampliarle el contrato, pero las negociaciones se complican.<\/span><\/strong><\/p>\n<p><span style=\"color: #000000;\"><strong>Lima, 21 Agosto 2019, (ANDINA).-<\/strong> El gerente deportivo de Alianza Lima, Gustavo Zevallos se pronunci\u00f3 sobre la situaci\u00f3n del volante \u00edntimo, Kevin Quevedo, a quien desean ampliarle el contrato, pero las altas pretensiones de su representante (su pap\u00e1) hace que la continuidad del habilidoso jugador se complique.<\/span><\/p>\n<p><span style=\"color: #000000;\">\u00abEs dif\u00edcil la renovaci\u00f3n. El padre quiere el mejor contrato para su hijo y nosotros ofrecemos lo mejor que podemos. Hay una gran diferencia entre ambas propuestas. Nadie quiere perjudicarlo\u00bb, se\u00f1al\u00f3 Zevallos en el programa Las Voces del F\u00fatbol.<\/span><\/p>\n<p><span style=\"color: #000000;\">El directivo blanquiazul agreg\u00f3: \u00bb Con Kevin firmamos un contrato de tres a\u00f1os, el cual ya se cumple. Sabemos que est\u00e1 en buen nivel y que quiere mejorar a nivel personal en otra liga. Por eso, le hemos hecho una oferta dentro de lo que puede proponer Alianza Lima\u201d.<\/span><\/p>\n<p><span style=\"color: #000000;\">Por \u00faltimo, Gustavo Zevallos no quiso entrar en detalles sobre que determinaci\u00f3n tomar\u00e1 el club y comando t\u00e9cnico sino se llega a ampliar el convenio. \u00bb No evaluamos que pasar\u00e1 con Quevedo si no renueva. Tenemos que pensarlo internamente y luego comunicarlo\u00bb.<\/span><\/p>\n<p><span style=\"color: #000000;\">El futbolista de 22 a\u00f1os, fich\u00f3 en el 2017 por Alianza Lima, luego de pertenecer a Universitario de Deportes. Con el club \u00edntimo logr\u00f3 el t\u00edtulo nacional en el 2017, bajo la direcci\u00f3n t\u00e9cnica de Pablo Bengoechea.<\/span><\/p>\n<p><img fetchpriority=\"high\" decoding=\"async\" class=\"aligncenter size-full wp-image-53455\" src=\"http:\/\/elinformanteperu.com\/wp-content\/uploads\/2019\/07\/alianza-cristal1.jpg\" alt=\"\" width=\"1800\" height=\"1200\" srcset=\"https:\/\/elinformanteperu.com\/wp-content\/uploads\/2019\/07\/alianza-cristal1.jpg 1800w, https:\/\/elinformanteperu.com\/wp-content\/uploads\/2019\/07\/alianza-cristal1-300x200.jpg 300w, https:\/\/elinformanteperu.com\/wp-content\/uploads\/2019\/07\/alianza-cristal1-768x512.jpg 768w, https:\/\/elinformanteperu.com\/wp-content\/uploads\/2019\/07\/alianza-cristal1-1024x683.jpg 1024w, https:\/\/elinformanteperu.com\/wp-content\/uploads\/2019\/07\/alianza-cristal1-128x85.jpg 128w, https:\/\/elinformanteperu.com\/wp-content\/uploads\/2019\/07\/alianza-cristal1-32x21.jpg 32w\" sizes=\"(max-width: 1800px) 100vw, 1800px\" \/><\/p>\n","protected":false},"excerpt":{"rendered":"<p>El gerente deportivo de Alianza Lima, Gustavo Zevallos se pronunci\u00f3 sobre la situaci\u00f3n del volante \u00edntimo, Kevin Quevedo, a quien desean ampliarle el contrato, pero las negociaciones se complican. Lima, 21 Agosto 2019, (ANDINA).- El gerente deportivo de Alianza Lima, Gustavo Zevallos se pronunci\u00f3 sobre la situaci\u00f3n del volante \u00edntimo, Kevin Quevedo, a quien desean [&hellip;]<\/p>\n","protected":false},"author":1,"featured_media":55608,"comment_status":"open","ping_status":"open","sticky":false,"template":"","format":"standard","meta":{"rop_custom_images_group":[],"rop_custom_messages_group":[],"rop_publish_now":"initial","rop_publish_now_accounts":[],"rop_publish_now_history":[],"rop_publish_now_status":"pending","footnotes":""},"categories":[8],"tags":[91,333],"class_list":["post-55607","post","type-post","status-publish","format-standard","has-post-thumbnail","hentry","category-disciplinas-deportivas","tag-alianza-lima","tag-gustavo-zevallos"],"_links":{"self":[{"href":"https:\/\/elinformanteperu.com\/index.php\/wp-json\/wp\/v2\/posts\/55607","targetHints":{"allow":["GET"]}}],"collection":[{"href":"https:\/\/elinformanteperu.com\/index.php\/wp-json\/wp\/v2\/posts"}],"about":[{"href":"https:\/\/elinformanteperu.com\/index.php\/wp-json\/wp\/v2\/types\/post"}],"author":[{"embeddable":true,"href":"https:\/\/elinformanteperu.com\/index.php\/wp-json\/wp\/v2\/users\/1"}],"replies":[{"embeddable":true,"href":"https:\/\/elinformanteperu.com\/index.php\/wp-json\/wp\/v2\/comments?post=55607"}],"version-history":[{"count":1,"href":"https:\/\/elinformanteperu.com\/index.php\/wp-json\/wp\/v2\/posts\/55607\/revisions"}],"predecessor-version":[{"id":55609,"href":"https:\/\/elinformanteperu.com\/index.php\/wp-json\/wp\/v2\/posts\/55607\/revisions\/55609"}],"wp:featuredmedia":[{"embeddable":true,"href":"https:\/\/elinformanteperu.com\/index.php\/wp-json\/wp\/v2\/media\/55608"}],"wp:attachment":[{"href":"https:\/\/elinformanteperu.com\/index.php\/wp-json\/wp\/v2\/media?parent=55607"}],"wp:term":[{"taxonomy":"category","embeddable":true,"href":"https:\/\/elinformanteperu.com\/index.php\/wp-json\/wp\/v2\/categories?post=55607"},{"taxonomy":"post_tag","embeddable":true,"href":"https:\/\/elinformanteperu.com\/index.php\/wp-json\/wp\/v2\/tags?post=55607"}],"curies":[{"name":"wp","href":"https:\/\/api.w.org\/{rel}","templated":true}]}}