{"id":55604,"date":"2019-08-21T21:12:19","date_gmt":"2019-08-22T02:12:19","guid":{"rendered":"http:\/\/elinformanteperu.com\/?p=55604"},"modified":"2019-08-21T21:12:19","modified_gmt":"2019-08-22T02:12:19","slug":"lima-2019-unos-500-artistas-participaran-en-inauguracion-de-juegos-parapanamericanos","status":"publish","type":"post","link":"https:\/\/elinformanteperu.com\/index.php\/2019\/08\/21\/lima-2019-unos-500-artistas-participaran-en-inauguracion-de-juegos-parapanamericanos\/","title":{"rendered":"Lima 2019: unos 500 artistas participar\u00e1n en inauguraci\u00f3n de Juegos Parapanamericanos"},"content":{"rendered":"<p><strong><span style=\"color: #000000;\">La emoci\u00f3n es grande. Hansel Cereza ser\u00e1 el director creativo y art\u00edstico de la ceremonia de inauguraci\u00f3n de los Juegos Parapanamericanos Lima 2019.<\/span><\/strong><\/p>\n<p><span style=\"color: #000000;\"><strong>Lima, 21 Agosto 2019, (ANDINA).-<\/strong> La emoci\u00f3n es grande. Hansel Cereza ser\u00e1 el director creativo y art\u00edstico de la ceremonia de inauguraci\u00f3n de los Juegos Parapanamericanos Lima 2019, que se celebrar\u00e1 en el Estadio Nacional. Como \u00e9l menciona, este ser\u00e1 un gran reto y de mucha responsabilidad. El espa\u00f1ol mira con altas expectativas el desarrollo del inicio del evento deportivo.<\/span><\/p>\n<p><span style=\"color: #000000;\">\u00abEstoy muy emocionado e ilusionado por organizar esta gran ceremonia. Es un reto muy grande en mi carrera y s\u00e9 que requiere de much\u00edsima responsabilidad. Por ello nos organizamos muy bien para que todo sea un \u00e9xito\u00bb, afirm\u00f3 el espa\u00f1ol, quien cuenta con una gran trayectoria profesional, pues fue director de las ceremonias de inauguraci\u00f3n de los Juegos Ol\u00edmpicos Barcelona 1992 y la Copa Am\u00e9rica Chile 2015.<\/span><\/p>\n<p><span style=\"color: #000000;\">Adem\u00e1s, se refiri\u00f3 al grupo art\u00edstico que intervendr\u00e1 en la inauguraci\u00f3n. \u00abSon alrededor de 500 en el elenco, todos ellos est\u00e1n supermotivados; vienen trabajando como ca\u00f1\u00f3n y estoy seguro de que presentar\u00e1n un espect\u00e1culo bell\u00edsimo este 23. Adem\u00e1s tenemos a los artistas con discapacidad que formar\u00e1n parte de esta fiesta, fue f\u00e1cil dirigirlos y ellos mismos mostraron su naturalidad, lo cual es perfecto\u00bb, declar\u00f3 a la agencia Andina.<\/span><\/p>\n<p><span style=\"color: #000000;\">Cereza habl\u00f3 de los 1,800 paratletas visitantes que formar\u00e1n parte de la ceremonia. \u00abEllos tambi\u00e9n participar\u00e1n en esta fiesta. Una vez hecho el desfile no ir\u00e1n directamente a las gradas, pues se incorporar\u00e1n al espacio esc\u00e9nico y ser\u00e1n los protagonistas de la fiesta\u00bb, cont\u00f3.<\/span><\/p>\n<p><span style=\"color: #000000;\">Por \u00faltimo, se anim\u00f3 a dar peque\u00f1os detalles sobre lo que se presentar\u00e1 en la inauguraci\u00f3n. \u00abSin duda ser\u00e1 algo m\u00e1gico. Habr\u00e1 drama y celebraci\u00f3n, la ilusi\u00f3n y emoci\u00f3n est\u00e1n aseguradas. Esta ceremonia no solo ofrecer\u00e1 lo que he mencionado, sino tambi\u00e9n invitar\u00e1 a la reflexi\u00f3n de las personas, que ver\u00e1n las cosas de otra manera y que todos somos iguales\u00bb, asegur\u00f3.<\/span><\/p>\n<p><img fetchpriority=\"high\" decoding=\"async\" class=\"aligncenter size-full wp-image-52223\" src=\"http:\/\/elinformanteperu.com\/wp-content\/uploads\/2019\/07\/juegos-parapanamericanos.jpg\" alt=\"\" width=\"1800\" height=\"1200\" srcset=\"https:\/\/elinformanteperu.com\/wp-content\/uploads\/2019\/07\/juegos-parapanamericanos.jpg 1800w, https:\/\/elinformanteperu.com\/wp-content\/uploads\/2019\/07\/juegos-parapanamericanos-300x200.jpg 300w, https:\/\/elinformanteperu.com\/wp-content\/uploads\/2019\/07\/juegos-parapanamericanos-768x512.jpg 768w, https:\/\/elinformanteperu.com\/wp-content\/uploads\/2019\/07\/juegos-parapanamericanos-1024x683.jpg 1024w, https:\/\/elinformanteperu.com\/wp-content\/uploads\/2019\/07\/juegos-parapanamericanos-128x85.jpg 128w, https:\/\/elinformanteperu.com\/wp-content\/uploads\/2019\/07\/juegos-parapanamericanos-32x21.jpg 32w\" sizes=\"(max-width: 1800px) 100vw, 1800px\" \/><\/p>\n","protected":false},"excerpt":{"rendered":"<p>La emoci\u00f3n es grande. Hansel Cereza ser\u00e1 el director creativo y art\u00edstico de la ceremonia de inauguraci\u00f3n de los Juegos Parapanamericanos Lima 2019. Lima, 21 Agosto 2019, (ANDINA).- La emoci\u00f3n es grande. Hansel Cereza ser\u00e1 el director creativo y art\u00edstico de la ceremonia de inauguraci\u00f3n de los Juegos Parapanamericanos Lima 2019, que se celebrar\u00e1 en [&hellip;]<\/p>\n","protected":false},"author":1,"featured_media":55605,"comment_status":"open","ping_status":"open","sticky":false,"template":"","format":"standard","meta":{"rop_custom_images_group":[],"rop_custom_messages_group":[],"rop_publish_now":"initial","rop_publish_now_accounts":[],"rop_publish_now_history":[],"rop_publish_now_status":"pending","footnotes":""},"categories":[8],"tags":[2003],"class_list":["post-55604","post","type-post","status-publish","format-standard","has-post-thumbnail","hentry","category-disciplinas-deportivas","tag-parapanamericanos-lima-2019"],"_links":{"self":[{"href":"https:\/\/elinformanteperu.com\/index.php\/wp-json\/wp\/v2\/posts\/55604","targetHints":{"allow":["GET"]}}],"collection":[{"href":"https:\/\/elinformanteperu.com\/index.php\/wp-json\/wp\/v2\/posts"}],"about":[{"href":"https:\/\/elinformanteperu.com\/index.php\/wp-json\/wp\/v2\/types\/post"}],"author":[{"embeddable":true,"href":"https:\/\/elinformanteperu.com\/index.php\/wp-json\/wp\/v2\/users\/1"}],"replies":[{"embeddable":true,"href":"https:\/\/elinformanteperu.com\/index.php\/wp-json\/wp\/v2\/comments?post=55604"}],"version-history":[{"count":1,"href":"https:\/\/elinformanteperu.com\/index.php\/wp-json\/wp\/v2\/posts\/55604\/revisions"}],"predecessor-version":[{"id":55606,"href":"https:\/\/elinformanteperu.com\/index.php\/wp-json\/wp\/v2\/posts\/55604\/revisions\/55606"}],"wp:featuredmedia":[{"embeddable":true,"href":"https:\/\/elinformanteperu.com\/index.php\/wp-json\/wp\/v2\/media\/55605"}],"wp:attachment":[{"href":"https:\/\/elinformanteperu.com\/index.php\/wp-json\/wp\/v2\/media?parent=55604"}],"wp:term":[{"taxonomy":"category","embeddable":true,"href":"https:\/\/elinformanteperu.com\/index.php\/wp-json\/wp\/v2\/categories?post=55604"},{"taxonomy":"post_tag","embeddable":true,"href":"https:\/\/elinformanteperu.com\/index.php\/wp-json\/wp\/v2\/tags?post=55604"}],"curies":[{"name":"wp","href":"https:\/\/api.w.org\/{rel}","templated":true}]}}