{"id":55491,"date":"2019-08-19T23:43:07","date_gmt":"2019-08-20T04:43:07","guid":{"rendered":"http:\/\/elinformanteperu.com\/?p=55491"},"modified":"2019-08-19T23:45:33","modified_gmt":"2019-08-20T04:45:33","slug":"la-bancada-del-frente-amplio-solicito-que-el-proyecto-de-ley-del-poder-ejecutivo-que-plantea-el-adelanto-de-elecciones-al-2020-sea-incluido-con-caracter-de-urgencia-y-sin-dilaciones-en-la-agenda","status":"publish","type":"post","link":"https:\/\/elinformanteperu.com\/index.php\/2019\/08\/19\/la-bancada-del-frente-amplio-solicito-que-el-proyecto-de-ley-del-poder-ejecutivo-que-plantea-el-adelanto-de-elecciones-al-2020-sea-incluido-con-caracter-de-urgencia-y-sin-dilaciones-en-la-agenda\/","title":{"rendered":"Frente Amplio solicit\u00f3 debatir con car\u00e1cter de urgencia proyecto de adelanto de elecciones"},"content":{"rendered":"<p><strong><span style=\"color: #000000;\">La bancada del Frente Amplio solicit\u00f3 que el proyecto de Ley del Poder Ejecutivo, que plantea el adelanto de elecciones al 2020, sea incluido con \u00abcar\u00e1cter de urgencia\u00bb.<\/span><\/strong><\/p>\n<p><span style=\"color: #000000;\"><strong>Lima, 19 Agosto 2019, (ANDINA).-<\/strong> La bancada del Frente Amplio solicit\u00f3 que el proyecto de Ley del Poder Ejecutivo, que plantea el adelanto de elecciones al 2020, sea incluido con \u00abcar\u00e1cter de urgencia y sin dilaciones\u00bb en la agenda de la Comisi\u00f3n de Constituci\u00f3n.<\/span><\/p>\n<p><span style=\"color: #000000;\">La agrupaci\u00f3n parlamentaria mencion\u00f3 que el 2018 present\u00f3 un proyecto de ley para elecciones adelantadas y otro para convocar a una Asamblea Constituyente, por lo cual solicit\u00f3 que estas iniciativas legislativas sean acumuladas al propuesto por el Ejecutivo y sean priorizadas en la Comisi\u00f3n de Constituci\u00f3n.<\/span><\/p>\n<p><span style=\"color: #000000;\">\u00abEl Congreso de la Rep\u00fablica no debe tener miedo de debatir estos proyectos y debemos escuchar, aunque sea una vez, el sentir mayoritario de la poblaci\u00f3n\u00bb, se\u00f1al\u00f3 el Frente Amplio en un comunicado.<\/span><\/p>\n<p><span style=\"color: #000000;\">En el escrito se menciona que el Parlamento da muestras de que postergar\u00e1 el debate de la iniciativa de reforma constitucional a pesar de la importancia que tiene.<\/span><\/p>\n<p><span style=\"color: #000000;\">\u00abYa ha pasado casi un mes y a pesar de su importancia, todo muestra que el Congreso postergar\u00e1 el debate hasta volverlo inviable\u00bb, advirti\u00f3.<\/span><\/p>\n<p><span style=\"color: #000000;\">El Frente Amplio emiti\u00f3 su comunicado para marcar distancia del pronunciamiento que esta ma\u00f1ana ofreci\u00f3 el presidente del Congreso, Pedro Olaechea \u00c1lvarez &#8211; Calder\u00f3n.<\/span><\/p>\n<p><span style=\"color: #000000;\">La bancada cuestion\u00f3 que no se haya referido a la propuesta de anticipo de elecciones del Pode Ejecutivo y por el contrario haya hecho un llamado a \u201cusar los instrumentos y todo el peso de la ley para retomar el control de las zonas afectadas\u201d.<\/span><\/p>\n<p><span style=\"color: #000000;\">Para el Frente Amplio se estar\u00eda pidiendo de una forma velada que el conflicto en el Valle del Tambo (Arequipa) se solucione recurriendo a la incursi\u00f3n policial y militar.<\/span><\/p>\n","protected":false},"excerpt":{"rendered":"<p>La bancada del Frente Amplio solicit\u00f3 que el proyecto de Ley del Poder Ejecutivo, que plantea el adelanto de elecciones al 2020, sea incluido con \u00abcar\u00e1cter de urgencia\u00bb. Lima, 19 Agosto 2019, (ANDINA).- La bancada del Frente Amplio solicit\u00f3 que el proyecto de Ley del Poder Ejecutivo, que plantea el adelanto de elecciones al 2020, [&hellip;]<\/p>\n","protected":false},"author":1,"featured_media":55492,"comment_status":"open","ping_status":"open","sticky":false,"template":"","format":"standard","meta":{"rop_custom_images_group":[],"rop_custom_messages_group":[],"rop_publish_now":"initial","rop_publish_now_accounts":[],"rop_publish_now_history":[],"rop_publish_now_status":"pending","footnotes":""},"categories":[5],"tags":[192,158],"class_list":["post-55491","post","type-post","status-publish","format-standard","has-post-thumbnail","hentry","category-actualidad-informativa","tag-congreso","tag-frente-amplio"],"_links":{"self":[{"href":"https:\/\/elinformanteperu.com\/index.php\/wp-json\/wp\/v2\/posts\/55491","targetHints":{"allow":["GET"]}}],"collection":[{"href":"https:\/\/elinformanteperu.com\/index.php\/wp-json\/wp\/v2\/posts"}],"about":[{"href":"https:\/\/elinformanteperu.com\/index.php\/wp-json\/wp\/v2\/types\/post"}],"author":[{"embeddable":true,"href":"https:\/\/elinformanteperu.com\/index.php\/wp-json\/wp\/v2\/users\/1"}],"replies":[{"embeddable":true,"href":"https:\/\/elinformanteperu.com\/index.php\/wp-json\/wp\/v2\/comments?post=55491"}],"version-history":[{"count":2,"href":"https:\/\/elinformanteperu.com\/index.php\/wp-json\/wp\/v2\/posts\/55491\/revisions"}],"predecessor-version":[{"id":55495,"href":"https:\/\/elinformanteperu.com\/index.php\/wp-json\/wp\/v2\/posts\/55491\/revisions\/55495"}],"wp:featuredmedia":[{"embeddable":true,"href":"https:\/\/elinformanteperu.com\/index.php\/wp-json\/wp\/v2\/media\/55492"}],"wp:attachment":[{"href":"https:\/\/elinformanteperu.com\/index.php\/wp-json\/wp\/v2\/media?parent=55491"}],"wp:term":[{"taxonomy":"category","embeddable":true,"href":"https:\/\/elinformanteperu.com\/index.php\/wp-json\/wp\/v2\/categories?post=55491"},{"taxonomy":"post_tag","embeddable":true,"href":"https:\/\/elinformanteperu.com\/index.php\/wp-json\/wp\/v2\/tags?post=55491"}],"curies":[{"name":"wp","href":"https:\/\/api.w.org\/{rel}","templated":true}]}}