{"id":55488,"date":"2019-08-19T23:40:09","date_gmt":"2019-08-20T04:40:09","guid":{"rendered":"http:\/\/elinformanteperu.com\/?p=55488"},"modified":"2019-08-20T00:09:15","modified_gmt":"2019-08-20T05:09:15","slug":"tomas-galvez-confirma-que-pidio-evaluar-permanencia-de-fiscales-vela-y-perez","status":"publish","type":"post","link":"https:\/\/elinformanteperu.com\/index.php\/2019\/08\/19\/tomas-galvez-confirma-que-pidio-evaluar-permanencia-de-fiscales-vela-y-perez\/","title":{"rendered":"Tom\u00e1s G\u00e1lvez confirma que pidi\u00f3 evaluar permanencia de fiscales Vela y P\u00e9rez"},"content":{"rendered":"<p><strong><span style=\"color: #000000;\">El fiscal supremo Tom\u00e1s G\u00e1lvez, confirm\u00f3 que pidi\u00f3 a la fiscal de la Naci\u00f3n Zoraida \u00c1valos, evaluar la permanencia de los fiscales Rafael Vela y Jos\u00e9 Domingo P\u00e9rez.<\/span><\/strong><\/p>\n<p><span style=\"color: #000000;\"><strong>Lima, 19 Agosto 2019, (ANDINA).-<\/strong> El fiscal supremo Tom\u00e1s G\u00e1lvez, confirm\u00f3 que pidi\u00f3 a la fiscal de la Naci\u00f3n Zoraida \u00c1valos, evaluar la permanencia del fiscal coordinador Rafael Vela y del fiscal provincial Jos\u00e9 Domingo P\u00e9rez, en el Equipo Especial Lava Jato.<\/span><\/p>\n<p><span style=\"color: #000000;\">\u201cHemos hecho el pedido, pero no para que se saque a todos los fiscales; solamente a ellos dos (Vela y P\u00e9rez) por su p\u00e9simo manejo del acuerdo de colaboraci\u00f3n con Odebrecht. Los otros fiscales deben seguir trabajando\u201d, declar\u00f3 al diario El Comercio.<\/span><\/p>\n<p><span style=\"color: #000000;\">Precis\u00f3 que la solicitud la realiz\u00f3 la semana pasada mediante un documento que fue debatido en la Junta de Fiscales Supremos.<\/span><\/p>\n<p><span style=\"color: #000000;\">Refiri\u00f3 que los fiscales supremos Pedro Ch\u00e1varry y V\u00edctor Rodr\u00edguez Monteza respaldaron su pedido. Sin embargo, reconoci\u00f3 que la decisi\u00f3n corresponde \u00fanicamente a la fiscal \u00c1valos.<\/span><\/p>\n<p><span style=\"color: #000000;\">\u201cEs la Fiscal de la Naci\u00f3n quien debe tomar la decisi\u00f3n\u201d, sostuvo.<\/span><\/p>\n<p><span style=\"color: #000000;\">De otro lado, G\u00e1lvez Villegas consider\u00f3 que una posible nueva citaci\u00f3n de los fiscales Vela y P\u00e9rez para que expliquen el acuerdo de colaboraci\u00f3n que firmaron con la empresa Odebrecht depender\u00e1 de \u00c1valos.<\/span><\/p>\n<p><span style=\"color: #000000;\">\u201cElla es la que tiene que agendar una nueva fecha, eso le corresponde tambi\u00e9n a ella\u201d, sostuvo.<\/span><\/p>\n<p><span style=\"color: #000000;\">El Comercio inform\u00f3 que la Fiscal\u00eda de la Naci\u00f3n inform\u00f3 que no existe ning\u00fan pronunciamiento por el momento sobre el pedido de G\u00e1lvez y que tampoco ha sido incluido en agenda.<\/span><\/p>\n","protected":false},"excerpt":{"rendered":"<p>El fiscal supremo Tom\u00e1s G\u00e1lvez, confirm\u00f3 que pidi\u00f3 a la fiscal de la Naci\u00f3n Zoraida \u00c1valos, evaluar la permanencia de los fiscales Rafael Vela y Jos\u00e9 Domingo P\u00e9rez. Lima, 19 Agosto 2019, (ANDINA).- El fiscal supremo Tom\u00e1s G\u00e1lvez, confirm\u00f3 que pidi\u00f3 a la fiscal de la Naci\u00f3n Zoraida \u00c1valos, evaluar la permanencia del fiscal coordinador [&hellip;]<\/p>\n","protected":false},"author":1,"featured_media":55489,"comment_status":"open","ping_status":"open","sticky":false,"template":"","format":"standard","meta":{"rop_custom_images_group":[],"rop_custom_messages_group":[],"rop_publish_now":"initial","rop_publish_now_accounts":[],"rop_publish_now_history":[],"rop_publish_now_status":"pending","footnotes":""},"categories":[5],"tags":[2568,3427,3438],"class_list":["post-55488","post","type-post","status-publish","format-standard","has-post-thumbnail","hentry","category-actualidad-informativa","tag-jose-domingo-perez","tag-rafael-vela","tag-tomas-galvez"],"_links":{"self":[{"href":"https:\/\/elinformanteperu.com\/index.php\/wp-json\/wp\/v2\/posts\/55488","targetHints":{"allow":["GET"]}}],"collection":[{"href":"https:\/\/elinformanteperu.com\/index.php\/wp-json\/wp\/v2\/posts"}],"about":[{"href":"https:\/\/elinformanteperu.com\/index.php\/wp-json\/wp\/v2\/types\/post"}],"author":[{"embeddable":true,"href":"https:\/\/elinformanteperu.com\/index.php\/wp-json\/wp\/v2\/users\/1"}],"replies":[{"embeddable":true,"href":"https:\/\/elinformanteperu.com\/index.php\/wp-json\/wp\/v2\/comments?post=55488"}],"version-history":[{"count":1,"href":"https:\/\/elinformanteperu.com\/index.php\/wp-json\/wp\/v2\/posts\/55488\/revisions"}],"predecessor-version":[{"id":55490,"href":"https:\/\/elinformanteperu.com\/index.php\/wp-json\/wp\/v2\/posts\/55488\/revisions\/55490"}],"wp:featuredmedia":[{"embeddable":true,"href":"https:\/\/elinformanteperu.com\/index.php\/wp-json\/wp\/v2\/media\/55489"}],"wp:attachment":[{"href":"https:\/\/elinformanteperu.com\/index.php\/wp-json\/wp\/v2\/media?parent=55488"}],"wp:term":[{"taxonomy":"category","embeddable":true,"href":"https:\/\/elinformanteperu.com\/index.php\/wp-json\/wp\/v2\/categories?post=55488"},{"taxonomy":"post_tag","embeddable":true,"href":"https:\/\/elinformanteperu.com\/index.php\/wp-json\/wp\/v2\/tags?post=55488"}],"curies":[{"name":"wp","href":"https:\/\/api.w.org\/{rel}","templated":true}]}}