{"id":55486,"date":"2019-08-19T23:37:16","date_gmt":"2019-08-20T04:37:16","guid":{"rendered":"http:\/\/elinformanteperu.com\/?p=55486"},"modified":"2019-08-19T23:37:16","modified_gmt":"2019-08-20T04:37:16","slug":"disponen-remitir-a-equipo-especial-seis-casos-de-corrupcion-vinculados-a-odebrecht","status":"publish","type":"post","link":"https:\/\/elinformanteperu.com\/index.php\/2019\/08\/19\/disponen-remitir-a-equipo-especial-seis-casos-de-corrupcion-vinculados-a-odebrecht\/","title":{"rendered":"Disponen remitir a Equipo Especial seis casos de corrupci\u00f3n vinculados a Odebrecht"},"content":{"rendered":"<p><strong><span style=\"color: #000000;\">Las fiscal\u00edas anticorrupci\u00f3n dispusieron remitir al Equipo Especial Lava Jato seis carpetas fiscales sobre casos de corrupci\u00f3n vinculados a la empresa Odebrecht.<\/span><\/strong><\/p>\n<p><span style=\"color: #000000;\"><strong>Lima, 19 Agosto 2019, (ANDINA).-<\/strong> Las fiscal\u00edas anticorrupci\u00f3n dispusieron remitir al Equipo Especial Lava Jato seis carpetas fiscales sobre casos de corrupci\u00f3n vinculados a la empresa Odebrecht inform\u00f3 el Ministerio P\u00fablico.<\/span><\/p>\n<p><span style=\"color: #000000;\">Se trata de las carpetas: &#8216;Aporte a campa\u00f1a 2001-2016&#8217; y &#8216;Peaje Puente Piedra&#8217;, &#8216;V\u00eda Costanera Caman\u00e1-Ilo&#8217;, y &#8216;Energ\u00eda de Centrales Hidroel\u00e9ctricas&#8217;.<\/span><\/p>\n<p><span style=\"color: #000000;\">Asimismo, del interior del pa\u00eds, &#8216;Proyecto Olmos&#8217;, de Lambayeque; y la carpeta correspondiente a la investigaci\u00f3n sobre la &#8216;Carretera Cu\u00f1umbuque San Jos\u00e9 de Sisa&#8217;, de Tarapoto, en San Mart\u00edn.<\/span><\/p>\n<p><span style=\"color: #000000;\">El env\u00edo de este material se acord\u00f3 luego de la reuni\u00f3n de trabajo sostenida entre el fiscal superior, Rafael Vela, del Equipo Especial y el coordinador nacional de las Fiscal\u00edas Especializadas en delitos de Corrupci\u00f3n de Funcionarios, Omar Tello.<\/span><\/p>\n<p><span style=\"color: #000000;\">En dicho encuentro, efectuado el viernes \u00faltimo con la participaci\u00f3n de la Fiscal de la Naci\u00f3n, Zoraida \u00c1valos, se convino que la remisi\u00f3n se realizar\u00e1 lo m\u00e1s r\u00e1pido posible, guardando los mecanismos log\u00edsticos y de seguridad necesarios.<\/span><\/p>\n<p><span style=\"color: #000000;\">Una s\u00e9ptima carpeta, del caso &#8216;Centralita II&#8217;, a\u00fan no ser\u00e1 remitida pues ser\u00e1 evaluada en reuni\u00f3n de coordinaci\u00f3n para determinar su traslado, o su permanencia a cargo del fiscal Elmer Chirre.<\/span><\/p>\n<p><span style=\"color: #000000;\">Finalmente, el Ministerio P\u00fablico inform\u00f3 que, para optimizar las investigaciones, se continuar\u00e1n realizando reuniones conjuntas de coordinaci\u00f3n entre el Equipo Especial y las Fiscal\u00edas Especializadas en delitos de Corrupci\u00f3n de Funcionarios, bajo la direcci\u00f3n de la Fiscal de la Naci\u00f3n.<\/span><\/p>\n","protected":false},"excerpt":{"rendered":"<p>Las fiscal\u00edas anticorrupci\u00f3n dispusieron remitir al Equipo Especial Lava Jato seis carpetas fiscales sobre casos de corrupci\u00f3n vinculados a la empresa Odebrecht. Lima, 19 Agosto 2019, (ANDINA).- Las fiscal\u00edas anticorrupci\u00f3n dispusieron remitir al Equipo Especial Lava Jato seis carpetas fiscales sobre casos de corrupci\u00f3n vinculados a la empresa Odebrecht inform\u00f3 el Ministerio P\u00fablico. Se trata [&hellip;]<\/p>\n","protected":false},"author":1,"featured_media":52189,"comment_status":"open","ping_status":"open","sticky":false,"template":"","format":"standard","meta":{"rop_custom_images_group":[],"rop_custom_messages_group":[],"rop_publish_now":"initial","rop_publish_now_accounts":[],"rop_publish_now_history":[],"rop_publish_now_status":"pending","footnotes":""},"categories":[5],"tags":[370,619,3427],"class_list":["post-55486","post","type-post","status-publish","format-standard","has-post-thumbnail","hentry","category-actualidad-informativa","tag-ministerio-publico","tag-odebrecht","tag-rafael-vela"],"_links":{"self":[{"href":"https:\/\/elinformanteperu.com\/index.php\/wp-json\/wp\/v2\/posts\/55486","targetHints":{"allow":["GET"]}}],"collection":[{"href":"https:\/\/elinformanteperu.com\/index.php\/wp-json\/wp\/v2\/posts"}],"about":[{"href":"https:\/\/elinformanteperu.com\/index.php\/wp-json\/wp\/v2\/types\/post"}],"author":[{"embeddable":true,"href":"https:\/\/elinformanteperu.com\/index.php\/wp-json\/wp\/v2\/users\/1"}],"replies":[{"embeddable":true,"href":"https:\/\/elinformanteperu.com\/index.php\/wp-json\/wp\/v2\/comments?post=55486"}],"version-history":[{"count":1,"href":"https:\/\/elinformanteperu.com\/index.php\/wp-json\/wp\/v2\/posts\/55486\/revisions"}],"predecessor-version":[{"id":55487,"href":"https:\/\/elinformanteperu.com\/index.php\/wp-json\/wp\/v2\/posts\/55486\/revisions\/55487"}],"wp:featuredmedia":[{"embeddable":true,"href":"https:\/\/elinformanteperu.com\/index.php\/wp-json\/wp\/v2\/media\/52189"}],"wp:attachment":[{"href":"https:\/\/elinformanteperu.com\/index.php\/wp-json\/wp\/v2\/media?parent=55486"}],"wp:term":[{"taxonomy":"category","embeddable":true,"href":"https:\/\/elinformanteperu.com\/index.php\/wp-json\/wp\/v2\/categories?post=55486"},{"taxonomy":"post_tag","embeddable":true,"href":"https:\/\/elinformanteperu.com\/index.php\/wp-json\/wp\/v2\/tags?post=55486"}],"curies":[{"name":"wp","href":"https:\/\/api.w.org\/{rel}","templated":true}]}}