{"id":55375,"date":"2019-08-18T22:43:52","date_gmt":"2019-08-19T03:43:52","guid":{"rendered":"http:\/\/elinformanteperu.com\/?p=55375"},"modified":"2019-08-18T22:43:52","modified_gmt":"2019-08-19T03:43:52","slug":"no-es-solo-el-oceano","status":"publish","type":"post","link":"https:\/\/elinformanteperu.com\/index.php\/2019\/08\/18\/no-es-solo-el-oceano\/","title":{"rendered":"No es solo el oc\u00e9ano"},"content":{"rendered":"<p><strong><span style=\"color: #000000;\">Opini\u00f3n de Francisco Ulloa. Si bien durante los \u00faltimos a\u00f1os se ha tenido crecimientos importantes a nivel macro, como pa\u00eds y bloque regional, lo cierto es que se debe hacer mucho m\u00e1s si se quiere mantener un ritmo competitivo en el comercio internacional.<\/span><\/strong><\/p>\n<p><span style=\"color: #000000;\"><strong>Lima, 18 Agosto 2019, (Env\u00edo especial para El Informante Per\u00fa).-<\/strong> Las \u00faltimas proyecciones de crecimiento econ\u00f3mico entregadas por la Comisi\u00f3n Econ\u00f3mica para Am\u00e9rica Latina y El Caribe (CEPAL) destacan una ca\u00edda en los n\u00fameros en pa\u00edses como Chile (3,3%), Per\u00fa (3,6%) o Ecuador (0,4%), dando un total a Am\u00e9rica Latina de 1,3%, cuatro d\u00e9cimas menos que el 1,7% que el organismo entregara en diciembre del a\u00f1o pasado.<\/span><\/p>\n<p><span style=\"color: #000000;\">Con estas cifras presentes es necesario que tanto p\u00fablicos como privados impulsen las mejoras necesarias para ayudar a fortalecer nuestro bloque regional, partiendo de la base de que para lograr esto se debe innovar y sobre todo invertir. \u00bfInvertir en qu\u00e9, por ejemplo?: En expandir los servicios.<\/span><\/p>\n<p><span style=\"color: #000000;\">Aunque representa el 90% del comercio mundial, el viaje en barco es tan solo la parte final del recorrido, y ser\u00eda bueno repensar las v\u00edas para llegar a esa instancia con nuevas estrategias que aporten eficiencia y productividad.<\/span><\/p>\n<p><span style=\"color: #000000;\">Un contenedor no nace arriba de un buque y el proceso detr\u00e1s muchas veces se convierte en una tarea tit\u00e1nica debido a falencias en infraestructura y log\u00edstica. Si bien durante los \u00faltimos a\u00f1os se han tenido crecimientos importantes a nivel macro, lo cierto es que se debe hacer mucho m\u00e1s si se quiere mantener un ritmo competitivo. Esto es a\u00fan m\u00e1s cr\u00edtico cuando buscar la manera de potenciar las econom\u00edas regionales y no depender de las potencias se ha vuelto un aprendizaje y un deber adquirido tras la explosi\u00f3n de la guerra arancelaria entre Estados Unidos y China.<\/span><\/p>\n<p><span style=\"color: #000000;\">La cadena exportaci\u00f3n\/importaci\u00f3n debe ser reevaluada y mejorada, sobre todo en lo que respecta al servicio en tierra: conexiones, rutas, movilidad, digitalizaci\u00f3n, procesos operativos; todos puntos que son necesarios estudiar y perfeccionar. Estas respuestas pueden tomar diferentes formas como la resurrecci\u00f3n del ferrocarril, digitalizaci\u00f3n mediante la adopci\u00f3n de tecnolog\u00edas emergentes y blockchain en todas las capas p\u00fablico\/privada, mejor gesti\u00f3n de almacenaje y empaquetado, entre otros. Desde que una caja con frutas sale del campo hasta que se asegura el \u00faltimo contenedor, cada uno de los pasos deber\u00edan generar beneficios, ahorro de costos, tiempo. En suma, el llamado es a desarrollar e implementar una cadena de valor eficiente, efectiva y sustentable.<\/span><\/p>\n<p><span style=\"color: #000000;\">La importancia de conseguir un proceso log\u00edstico integral en la industria es urgente porque es la base fundacional de la mejora en todos los procesos y, por ende, g\u00e9nesis de un buen mercadeo con el resto del mundo. Es fundamental, por ende, que todos los actores de la industria comprendan que lo que pasa afuera del oc\u00e9ano es tan importante como lo que ocurre dentro, no solamente desde el aspecto de entregar m\u00e1s y mejores soluciones a los clientes, sino que tambi\u00e9n para mejorar y proteger el comercio internacional de los pa\u00edses al tener una estructura base sana y completa.<\/span><\/p>\n<p><span style=\"color: #000000;\">Con la \u201cguerra comercial\u201d a\u00fan en curso, la oportunidad de crecer en una crisis est\u00e1 dada. Por supuesto que no ser\u00e1 f\u00e1cil mejorar (o, en algunos casos, crear) estos servicios, significar\u00e1 un reordenamiento de muchos factores y la necesidad de que todos los actores involucrados tengan opini\u00f3n y voto; pero, si no comenzamos pronto, estaremos perdiendo una oportunidad \u00fanica para sobresalir: solo dependemos de nosotros para ir acoraz\u00e1ndonos y ofrecer mejores opciones para seguir fortaleciendo el comercio internacional.<\/span><\/p>\n<p><span style=\"color: #000000;\">(*) Director General Maersk. Costa Oeste Sudam\u00e9rica.<\/span><\/p>\n","protected":false},"excerpt":{"rendered":"<p>Opini\u00f3n de Francisco Ulloa. Si bien durante los \u00faltimos a\u00f1os se ha tenido crecimientos importantes a nivel macro, como pa\u00eds y bloque regional, lo cierto es que se debe hacer mucho m\u00e1s si se quiere mantener un ritmo competitivo en el comercio internacional. Lima, 18 Agosto 2019, (Env\u00edo especial para El Informante Per\u00fa).- Las \u00faltimas [&hellip;]<\/p>\n","protected":false},"author":1,"featured_media":55376,"comment_status":"open","ping_status":"open","sticky":false,"template":"","format":"standard","meta":{"rop_custom_images_group":[],"rop_custom_messages_group":[],"rop_publish_now":"initial","rop_publish_now_accounts":[],"rop_publish_now_history":[],"rop_publish_now_status":"pending","footnotes":""},"categories":[11],"tags":[4773,4772],"class_list":["post-55375","post","type-post","status-publish","format-standard","has-post-thumbnail","hentry","category-opinion-libre","tag-cepal","tag-francisco-ulloa"],"_links":{"self":[{"href":"https:\/\/elinformanteperu.com\/index.php\/wp-json\/wp\/v2\/posts\/55375","targetHints":{"allow":["GET"]}}],"collection":[{"href":"https:\/\/elinformanteperu.com\/index.php\/wp-json\/wp\/v2\/posts"}],"about":[{"href":"https:\/\/elinformanteperu.com\/index.php\/wp-json\/wp\/v2\/types\/post"}],"author":[{"embeddable":true,"href":"https:\/\/elinformanteperu.com\/index.php\/wp-json\/wp\/v2\/users\/1"}],"replies":[{"embeddable":true,"href":"https:\/\/elinformanteperu.com\/index.php\/wp-json\/wp\/v2\/comments?post=55375"}],"version-history":[{"count":1,"href":"https:\/\/elinformanteperu.com\/index.php\/wp-json\/wp\/v2\/posts\/55375\/revisions"}],"predecessor-version":[{"id":55377,"href":"https:\/\/elinformanteperu.com\/index.php\/wp-json\/wp\/v2\/posts\/55375\/revisions\/55377"}],"wp:featuredmedia":[{"embeddable":true,"href":"https:\/\/elinformanteperu.com\/index.php\/wp-json\/wp\/v2\/media\/55376"}],"wp:attachment":[{"href":"https:\/\/elinformanteperu.com\/index.php\/wp-json\/wp\/v2\/media?parent=55375"}],"wp:term":[{"taxonomy":"category","embeddable":true,"href":"https:\/\/elinformanteperu.com\/index.php\/wp-json\/wp\/v2\/categories?post=55375"},{"taxonomy":"post_tag","embeddable":true,"href":"https:\/\/elinformanteperu.com\/index.php\/wp-json\/wp\/v2\/tags?post=55375"}],"curies":[{"name":"wp","href":"https:\/\/api.w.org\/{rel}","templated":true}]}}