{"id":55340,"date":"2019-08-17T14:30:16","date_gmt":"2019-08-17T19:30:16","guid":{"rendered":"http:\/\/elinformanteperu.com\/?p=55340"},"modified":"2019-08-17T14:30:16","modified_gmt":"2019-08-17T19:30:16","slug":"apelacion-de-nadine-heredia-a-allanamiento-por-caso-gasoducto-se-vera-21-de-agosto","status":"publish","type":"post","link":"https:\/\/elinformanteperu.com\/index.php\/2019\/08\/17\/apelacion-de-nadine-heredia-a-allanamiento-por-caso-gasoducto-se-vera-21-de-agosto\/","title":{"rendered":"Apelaci\u00f3n de Nadine Heredia a allanamiento por caso Gasoducto se ver\u00e1 21 de agosto"},"content":{"rendered":"<p><strong><span style=\"color: #000000;\">La Sala Penal de Apelaciones program\u00f3 para este mi\u00e9rcoles 21 de agosto la audiencia de apelaci\u00f3n a Nadine Heredia.<\/span><\/strong><\/p>\n<p><span style=\"color: #000000;\"><strong>Lima, 17 Agosto 2019, (ANDINA).-<\/strong> La Sala Penal de Apelaciones Nacional Especializada en Delitos de Corrupci\u00f3n de Funcionarios program\u00f3 para este mi\u00e9rcoles 21 de agosto la audiencia de apelaci\u00f3n de allanamiento planteado por la exprimera dama Nadine Heredia en el caso Gasoducto Sur Andino.<\/span><\/p>\n<p><span style=\"color: #000000;\">La audiencia est\u00e1 programada para las 10:00 horas en la Sala de Audiencias N\u00b0 1 de la sede judicial Carlos Zavala Loayza.<\/span><\/p>\n<p><span style=\"color: #000000;\">La sala est\u00e1 compuesta por los jueces superiores Ramiro Salinas Siccha, como presidente, as\u00ed como Juan Guillermo Piscoya y Marco Angulo Morales.<\/span><\/p>\n<p><span style=\"color: #000000;\">La defensa legal de Heredia Alarc\u00f3n y los otros investigados present\u00f3 este recursos impugnatorio contra una resoluci\u00f3n que declar\u00f3 fundado el requerimiento fiscal de allanamiento con descerraje de inmuebles, as\u00ed como el registro e incautaci\u00f3n de bienes y documentaci\u00f3n de los investigados.<\/span><\/p>\n<p><span style=\"color: #000000;\">El equipo Especial Lava Jato investiga a Heredia Alarc\u00f3n por la presunta comisi\u00f3n del delito de colusi\u00f3n y otros en agravio del Estado en los proyectos \u201cGasoducto Andino del Sur\u201d y \u201cMejoras a la Seguridad Energ\u00e9tica y Desarrollo del Gasoducto Sur Peruano\u201d, cuyas concesiones habr\u00edan sido otorgadas al grupo empresarial Odebrecht.<\/span><\/p>\n","protected":false},"excerpt":{"rendered":"<p>La Sala Penal de Apelaciones program\u00f3 para este mi\u00e9rcoles 21 de agosto la audiencia de apelaci\u00f3n a Nadine Heredia. Lima, 17 Agosto 2019, (ANDINA).- La Sala Penal de Apelaciones Nacional Especializada en Delitos de Corrupci\u00f3n de Funcionarios program\u00f3 para este mi\u00e9rcoles 21 de agosto la audiencia de apelaci\u00f3n de allanamiento planteado por la exprimera dama [&hellip;]<\/p>\n","protected":false},"author":1,"featured_media":55341,"comment_status":"open","ping_status":"open","sticky":false,"template":"","format":"standard","meta":{"rop_custom_images_group":[],"rop_custom_messages_group":[],"rop_publish_now":"initial","rop_publish_now_accounts":[],"rop_publish_now_history":[],"rop_publish_now_status":"pending","footnotes":""},"categories":[5],"tags":[964,291,619],"class_list":["post-55340","post","type-post","status-publish","format-standard","has-post-thumbnail","hentry","category-actualidad-informativa","tag-gasoducto-sur-peruano","tag-nadine-heredia","tag-odebrecht"],"_links":{"self":[{"href":"https:\/\/elinformanteperu.com\/index.php\/wp-json\/wp\/v2\/posts\/55340","targetHints":{"allow":["GET"]}}],"collection":[{"href":"https:\/\/elinformanteperu.com\/index.php\/wp-json\/wp\/v2\/posts"}],"about":[{"href":"https:\/\/elinformanteperu.com\/index.php\/wp-json\/wp\/v2\/types\/post"}],"author":[{"embeddable":true,"href":"https:\/\/elinformanteperu.com\/index.php\/wp-json\/wp\/v2\/users\/1"}],"replies":[{"embeddable":true,"href":"https:\/\/elinformanteperu.com\/index.php\/wp-json\/wp\/v2\/comments?post=55340"}],"version-history":[{"count":1,"href":"https:\/\/elinformanteperu.com\/index.php\/wp-json\/wp\/v2\/posts\/55340\/revisions"}],"predecessor-version":[{"id":55342,"href":"https:\/\/elinformanteperu.com\/index.php\/wp-json\/wp\/v2\/posts\/55340\/revisions\/55342"}],"wp:featuredmedia":[{"embeddable":true,"href":"https:\/\/elinformanteperu.com\/index.php\/wp-json\/wp\/v2\/media\/55341"}],"wp:attachment":[{"href":"https:\/\/elinformanteperu.com\/index.php\/wp-json\/wp\/v2\/media?parent=55340"}],"wp:term":[{"taxonomy":"category","embeddable":true,"href":"https:\/\/elinformanteperu.com\/index.php\/wp-json\/wp\/v2\/categories?post=55340"},{"taxonomy":"post_tag","embeddable":true,"href":"https:\/\/elinformanteperu.com\/index.php\/wp-json\/wp\/v2\/tags?post=55340"}],"curies":[{"name":"wp","href":"https:\/\/api.w.org\/{rel}","templated":true}]}}