{"id":55337,"date":"2019-08-17T14:26:53","date_gmt":"2019-08-17T19:26:53","guid":{"rendered":"http:\/\/elinformanteperu.com\/?p=55337"},"modified":"2019-08-17T14:26:53","modified_gmt":"2019-08-17T19:26:53","slug":"comision-permanente-se-instalara-este-lunes-19","status":"publish","type":"post","link":"https:\/\/elinformanteperu.com\/index.php\/2019\/08\/17\/comision-permanente-se-instalara-este-lunes-19\/","title":{"rendered":"Comisi\u00f3n Permanente se instalar\u00e1 este lunes 19"},"content":{"rendered":"<p><strong><span style=\"color: #000000;\">La Comisi\u00f3n Permanente del Congreso se instalar\u00e1 este lunes 19, seg\u00fan dispuso el presidente del parlamento, Pedro Olaechea.<\/span><\/strong><\/p>\n<p><span style=\"color: #000000;\"><strong>Lima, 17 Agosto 2019, (ANDINA).-<\/strong> La Comisi\u00f3n Permanente del Congreso se instalar\u00e1 este lunes 19, seg\u00fan dispuso el presidente del parlamento, Pedro Olaechea.<\/span><\/p>\n<p><span style=\"color: #000000;\">La sesi\u00f3n se efectuar\u00e1 a las 11:00 horas.<\/span><\/p>\n<p><span style=\"color: #000000;\">El cuadro nominativo de comisiones ordinarias y de la Comisi\u00f3n Permanente para el per\u00edodo anual de sesiones 2019-2020 fue aprobado ayer en el Pleno del Congreso. Ahora corresponde la instalaci\u00f3n de los grupos de trabajo y elecci\u00f3n de cargos directivos.<\/span><\/p>\n<p><span style=\"color: #000000;\">Las comisiones ordinarias tambi\u00e9n se instalar\u00e1n entre el lunes 19 y mi\u00e9rcoles 21 de agosto, seg\u00fan inform\u00f3 la primera vicepresidenta del Congreso, Karina Beteta.<\/span><\/p>\n<p><span style=\"color: #000000;\">La Comisi\u00f3n Permanente consta de 24 miembros en total entre los cuatro miembros de la Mesa Directiva y entre los portavoces de las bancadas parlamentarias.<\/span><\/p>\n<p><span style=\"color: #000000;\">La Comisi\u00f3n Permanente est\u00e1 conformada por los legisladores de Fuerza Popular (FP), Carlos Tubino, Luz Salgado, Mario Mantilla, Lourdes Alcorta, Angel Neyra, Luis Galarreta, Gladys Andrade, Rosa Bartra, H\u00e9ctor Becerril y Milagros Salazar.<\/span><\/p>\n<p><span style=\"color: #000000;\">Por Alianza Para el Progreso (APP), Luis Iberico N\u00fa\u00f1ez y Richard Acu\u00f1a; por Nuevo Per\u00fa (NP), Indira Huilca y uno pendiente por acreditar; por Frente Amplio, Justiniano Apaza y Marco Arana, por Cambio 21, Lizbeth Robles, y por Peruanos Por el Kambio (PPK), Clemente Flores.<\/span><\/p>\n<p><span style=\"color: #000000;\">Adem\u00e1s, por Acci\u00f3n Popular (AP), Edmundo del \u00c1guila; por Contigo, Gilbert Violeta; por C\u00e9lula Parlamentaria Aprista (CPA), Luciana Le\u00f3n; por bancada Liberal, Gino Costa; por Acci\u00f3n Republicana, Marita Herrera, y por Unidos por la Rep\u00fablica, Rolando Re\u00e1tegui Flores.<\/span><\/p>\n","protected":false},"excerpt":{"rendered":"<p>La Comisi\u00f3n Permanente del Congreso se instalar\u00e1 este lunes 19, seg\u00fan dispuso el presidente del parlamento, Pedro Olaechea. Lima, 17 Agosto 2019, (ANDINA).- La Comisi\u00f3n Permanente del Congreso se instalar\u00e1 este lunes 19, seg\u00fan dispuso el presidente del parlamento, Pedro Olaechea. La sesi\u00f3n se efectuar\u00e1 a las 11:00 horas. El cuadro nominativo de comisiones ordinarias [&hellip;]<\/p>\n","protected":false},"author":1,"featured_media":55338,"comment_status":"open","ping_status":"open","sticky":false,"template":"","format":"standard","meta":{"rop_custom_images_group":[],"rop_custom_messages_group":[],"rop_publish_now":"initial","rop_publish_now_accounts":[],"rop_publish_now_history":[],"rop_publish_now_status":"pending","footnotes":""},"categories":[5],"tags":[192],"class_list":["post-55337","post","type-post","status-publish","format-standard","has-post-thumbnail","hentry","category-actualidad-informativa","tag-congreso"],"_links":{"self":[{"href":"https:\/\/elinformanteperu.com\/index.php\/wp-json\/wp\/v2\/posts\/55337","targetHints":{"allow":["GET"]}}],"collection":[{"href":"https:\/\/elinformanteperu.com\/index.php\/wp-json\/wp\/v2\/posts"}],"about":[{"href":"https:\/\/elinformanteperu.com\/index.php\/wp-json\/wp\/v2\/types\/post"}],"author":[{"embeddable":true,"href":"https:\/\/elinformanteperu.com\/index.php\/wp-json\/wp\/v2\/users\/1"}],"replies":[{"embeddable":true,"href":"https:\/\/elinformanteperu.com\/index.php\/wp-json\/wp\/v2\/comments?post=55337"}],"version-history":[{"count":1,"href":"https:\/\/elinformanteperu.com\/index.php\/wp-json\/wp\/v2\/posts\/55337\/revisions"}],"predecessor-version":[{"id":55339,"href":"https:\/\/elinformanteperu.com\/index.php\/wp-json\/wp\/v2\/posts\/55337\/revisions\/55339"}],"wp:featuredmedia":[{"embeddable":true,"href":"https:\/\/elinformanteperu.com\/index.php\/wp-json\/wp\/v2\/media\/55338"}],"wp:attachment":[{"href":"https:\/\/elinformanteperu.com\/index.php\/wp-json\/wp\/v2\/media?parent=55337"}],"wp:term":[{"taxonomy":"category","embeddable":true,"href":"https:\/\/elinformanteperu.com\/index.php\/wp-json\/wp\/v2\/categories?post=55337"},{"taxonomy":"post_tag","embeddable":true,"href":"https:\/\/elinformanteperu.com\/index.php\/wp-json\/wp\/v2\/tags?post=55337"}],"curies":[{"name":"wp","href":"https:\/\/api.w.org\/{rel}","templated":true}]}}