{"id":55312,"date":"2019-08-17T13:06:20","date_gmt":"2019-08-17T18:06:20","guid":{"rendered":"http:\/\/elinformanteperu.com\/?p=55312"},"modified":"2019-08-17T13:06:20","modified_gmt":"2019-08-17T18:06:20","slug":"actor-norteamericano-peter-fonda-muere-a-los-79-anos","status":"publish","type":"post","link":"https:\/\/elinformanteperu.com\/index.php\/2019\/08\/17\/actor-norteamericano-peter-fonda-muere-a-los-79-anos\/","title":{"rendered":"Actor norteamericano Peter Fonda, muere a los 79 a\u00f1os"},"content":{"rendered":"<p><strong><span style=\"color: #000000;\">Uno de los iconos del cine de los a\u00f1os sesenta del siglo pasado, El actor norteamericano, Peter Fonda, falleci\u00f3 a los 79 a\u00f1os.<\/span><\/strong><\/p>\n<p><span style=\"color: #000000;\"><strong>Los \u00c1ngeles, 17 Agosto 2019, (Prensa Latina).-<\/strong> Uno de los iconos del cine de los a\u00f1os sesenta del siglo pasado, El actor norteamericano, Peter Fonda, falleci\u00f3 a los 79 a\u00f1os, informan los medios locales.<\/span><\/p>\n<p><span style=\"color: #000000;\">Con una carrera de peque\u00f1os papeles y una imagen consolidada como motero, Fonda es reconocido por el filme cl\u00e1sico de 1969 Easy Rider, una pel\u00edcula de colegas y carretera cuyas im\u00e1genes de libertad vendr\u00edan a definir el esp\u00edritu de aquel a\u00f1o y de su generaci\u00f3n, por el cual fue nominado al Oscar al mejor guion.<\/span><\/p>\n<p><span style=\"color: #000000;\">El actor muri\u00f3 este viernes por complicaciones respiratorias como consecuencia de un c\u00e1ncer de pulm\u00f3n, en su casa de esta ciudad.<\/span><\/p>\n<p><span style=\"color: #000000;\">El comunicado difundido por la hermana del artista, la tambi\u00e9n actriz Jane Fonda, refiere que &#8216;en uno de los momentos m\u00e1s tristes de nuestras vidas, no tenemos palabras para expresar el dolor en nuestros corazones&#8217; y tras el duelo desean que se respeten sus vidas privadas.<\/span><\/p>\n<p><span style=\"color: #000000;\">Hijo de Henry Fonda, una de las m\u00e1s grandes leyendas de Hollywood, Peter comenz\u00f3 a actuar en televisi\u00f3n a los 22 a\u00f1os, en la d\u00e9cada de los sesenta entr\u00f3 en el movimiento hippie y contracultural y apareci\u00f3 en dos filmes de Roger Corman, de quien aprendi\u00f3 a hacer pel\u00edculas sin presupuesto.<\/span><\/p>\n<p><span style=\"color: #000000;\">No volvi\u00f3 a hacer un papel con cierta trascendencia hasta la pel\u00edcula El oro de Ulises, en 1997, con la cual fue nominado al Oscar como mejor actor.<\/span><\/p>\n<p><span style=\"color: #000000;\">El actor preparaba un evento especial por el 50 aniversario del estreno de Easy Rider, el pr\u00f3ximo 20 de septiembre en el Radio City Music Hall de Nueva York con una proyecci\u00f3n en la que iban a tocar en directo John Kay, de Steppenwolf, y Roger McGuinn, de The Byrds.<\/span><\/p>\n<p><iframe title=\"Easy Rider - Intro - Born to be wild!\" width=\"615\" height=\"346\" src=\"https:\/\/www.youtube.com\/embed\/J1cDECkN2xg?feature=oembed\" frameborder=\"0\" allow=\"accelerometer; autoplay; clipboard-write; encrypted-media; gyroscope; picture-in-picture; web-share\" referrerpolicy=\"strict-origin-when-cross-origin\" allowfullscreen><\/iframe><\/p>\n","protected":false},"excerpt":{"rendered":"<p>Uno de los iconos del cine de los a\u00f1os sesenta del siglo pasado, El actor norteamericano, Peter Fonda, falleci\u00f3 a los 79 a\u00f1os. Los \u00c1ngeles, 17 Agosto 2019, (Prensa Latina).- Uno de los iconos del cine de los a\u00f1os sesenta del siglo pasado, El actor norteamericano, Peter Fonda, falleci\u00f3 a los 79 a\u00f1os, informan los [&hellip;]<\/p>\n","protected":false},"author":1,"featured_media":55313,"comment_status":"open","ping_status":"open","sticky":false,"template":"","format":"standard","meta":{"rop_custom_images_group":[],"rop_custom_messages_group":[],"rop_publish_now":"initial","rop_publish_now_accounts":[],"rop_publish_now_history":[],"rop_publish_now_status":"pending","footnotes":""},"categories":[7],"tags":[4766],"class_list":["post-55312","post","type-post","status-publish","format-standard","has-post-thumbnail","hentry","category-butaca","tag-peter-fonda"],"_links":{"self":[{"href":"https:\/\/elinformanteperu.com\/index.php\/wp-json\/wp\/v2\/posts\/55312","targetHints":{"allow":["GET"]}}],"collection":[{"href":"https:\/\/elinformanteperu.com\/index.php\/wp-json\/wp\/v2\/posts"}],"about":[{"href":"https:\/\/elinformanteperu.com\/index.php\/wp-json\/wp\/v2\/types\/post"}],"author":[{"embeddable":true,"href":"https:\/\/elinformanteperu.com\/index.php\/wp-json\/wp\/v2\/users\/1"}],"replies":[{"embeddable":true,"href":"https:\/\/elinformanteperu.com\/index.php\/wp-json\/wp\/v2\/comments?post=55312"}],"version-history":[{"count":1,"href":"https:\/\/elinformanteperu.com\/index.php\/wp-json\/wp\/v2\/posts\/55312\/revisions"}],"predecessor-version":[{"id":55314,"href":"https:\/\/elinformanteperu.com\/index.php\/wp-json\/wp\/v2\/posts\/55312\/revisions\/55314"}],"wp:featuredmedia":[{"embeddable":true,"href":"https:\/\/elinformanteperu.com\/index.php\/wp-json\/wp\/v2\/media\/55313"}],"wp:attachment":[{"href":"https:\/\/elinformanteperu.com\/index.php\/wp-json\/wp\/v2\/media?parent=55312"}],"wp:term":[{"taxonomy":"category","embeddable":true,"href":"https:\/\/elinformanteperu.com\/index.php\/wp-json\/wp\/v2\/categories?post=55312"},{"taxonomy":"post_tag","embeddable":true,"href":"https:\/\/elinformanteperu.com\/index.php\/wp-json\/wp\/v2\/tags?post=55312"}],"curies":[{"name":"wp","href":"https:\/\/api.w.org\/{rel}","templated":true}]}}