{"id":55309,"date":"2019-08-17T01:50:24","date_gmt":"2019-08-17T06:50:24","guid":{"rendered":"http:\/\/elinformanteperu.com\/?p=55309"},"modified":"2019-08-17T01:50:24","modified_gmt":"2019-08-17T06:50:24","slug":"bareto-hara-bailar-en-inauguracion-de-los-juegos-parapanamericanos","status":"publish","type":"post","link":"https:\/\/elinformanteperu.com\/index.php\/2019\/08\/17\/bareto-hara-bailar-en-inauguracion-de-los-juegos-parapanamericanos\/","title":{"rendered":"Bareto har\u00e1 bailar en inauguraci\u00f3n de los Juegos Parapanamericanos"},"content":{"rendered":"<p><strong><span style=\"color: #000000;\">El grupo nacional Bareto ser\u00e1 uno de los atractivos estelares en la Ceremonia de Inauguraci\u00f3n de los Juegos Parapanamericanos Lima 2019.<\/span><\/strong><\/p>\n<p><span style=\"color: #000000;\"><strong>Lima, 16 Agosto 2019, (ANDINA).-<\/strong> El reconocido grupo nacional de m\u00fasica tropical alternativa Bareto, nominado en dos ocasiones a los Latin Grammy, ser\u00e1 uno de los atractivos estelares en la Ceremonia de Inauguraci\u00f3n de los Juegos Parapanamericanos Lima 2019, este viernes 23 de agosto, a las 7:00 p. m., en el Estadio Nacional.<\/span><\/p>\n<p><span style=\"color: #000000;\">Con el fin de ratificar nuestra condici\u00f3n de la \u201cmejor hinchada\u201d y los mejores anfitriones de Am\u00e9rica, los integrantes de esta banda invitaron al p\u00fablico, mediante un video difundido en las redes sociales de Lima 2019, a seguir celebrando este certamen continental.<\/span><\/p>\n<p><span style=\"color: #000000;\">\u201cEste viernes 23 de agosto estaremos en la Ceremonia de Inauguraci\u00f3n de los Juegos Parapanamericanos Lima 2019. Vivamos juntos la emoci\u00f3n de ser la mejor hinchada y los mejores anfitriones de Am\u00e9rica. Estamos muy felices de ser parte de la fiesta multideportiva que unir\u00e1 Per\u00fa y todo el continente. Celebremos Lima 2019, la fiesta contin\u00faa, porque jugamos todos\u201d, expresaron en la grabaci\u00f3n.<\/span><\/p>\n<p><img fetchpriority=\"high\" decoding=\"async\" class=\"aligncenter size-full wp-image-38584\" src=\"http:\/\/elinformanteperu.com\/wp-content\/uploads\/2018\/11\/Marco-Polo-y-Bareto.jpg\" alt=\"\" width=\"1800\" height=\"1528\" srcset=\"https:\/\/elinformanteperu.com\/wp-content\/uploads\/2018\/11\/Marco-Polo-y-Bareto.jpg 1800w, https:\/\/elinformanteperu.com\/wp-content\/uploads\/2018\/11\/Marco-Polo-y-Bareto-300x255.jpg 300w, https:\/\/elinformanteperu.com\/wp-content\/uploads\/2018\/11\/Marco-Polo-y-Bareto-768x652.jpg 768w, https:\/\/elinformanteperu.com\/wp-content\/uploads\/2018\/11\/Marco-Polo-y-Bareto-1024x869.jpg 1024w, https:\/\/elinformanteperu.com\/wp-content\/uploads\/2018\/11\/Marco-Polo-y-Bareto-128x109.jpg 128w, https:\/\/elinformanteperu.com\/wp-content\/uploads\/2018\/11\/Marco-Polo-y-Bareto-32x27.jpg 32w\" sizes=\"(max-width: 1800px) 100vw, 1800px\" \/><span style=\"color: #000000;\">Bareto es una de las bandas peruanas m\u00e1s destacadas de los \u00faltimos tiempos y lleva al mundo su peculiar fusi\u00f3n de la cumbia, ska, reggae, rock y merengue. En 2015 Bareto lanz\u00f3 \u201cImpredecible\u201d, un \u00e1lbum de material original producido por el colombiano Felipe \u00c1lvarez y editado para Estados Unidos y Europa por World Village y para Am\u00e9rica Latina por Polen Records.<\/span><\/p>\n<p><span style=\"color: #000000;\">La delegaci\u00f3n peruana en los Juegos Panamericanos Lima 2019 desfil\u00f3 el 26 de julio \u00faltimo, en el coloso de Jos\u00e9 D\u00edaz, al ritmo del popular tema musical \u201cCari\u00f1ito\u201d, de Bareto, que hizo retumbar las tribunas del Estadio Nacional.<\/span><\/p>\n<p><span style=\"color: #000000;\">Bareto tambi\u00e9n particip\u00f3 en el Culturaymi, el programa cultural de los Juegos, en el Parque de la Exposici\u00f3n, donde hizo delirar a los asistentes con temas como \u201cYa se ha muerto mi abuelo\u201d, \u201cMujer hilandera\u201d, \u201cElsa\u201d, entre otros, que fueron coreados por el p\u00fablico que lleg\u00f3 a su \u00e9xtasis cuando interpretaron \u201cCari\u00f1ito\u201d, que se ha convertido en un himno de la conocida banda musical.<\/span><\/p>\n<p><span style=\"color: #000000;\">Lima 2019 ha movilizado masivamente a los peruanos, de una manera nunca antes vista, y el Comit\u00e9 Organizador sigue trabajando para realizar los mejores Juegos Parapanamericanos de la historia. Adem\u00e1s, el certamen ser\u00e1 una oportunidad para sensibilizar al pa\u00eds sobre la importancia de crear espacios accesibles y reconocer el esfuerzo de los para atletas peruanos.<\/span><\/p>\n<p><strong><span style=\"color: #000000;\">A comprar entradas<\/span><\/strong><\/p>\n<p><img decoding=\"async\" class=\"aligncenter size-full wp-image-5827\" src=\"http:\/\/elinformanteperu.com\/wp-content\/uploads\/2017\/02\/bareto.jpg\" alt=\"\" width=\"1024\" height=\"568\" srcset=\"https:\/\/elinformanteperu.com\/wp-content\/uploads\/2017\/02\/bareto.jpg 1024w, https:\/\/elinformanteperu.com\/wp-content\/uploads\/2017\/02\/bareto-300x166.jpg 300w, https:\/\/elinformanteperu.com\/wp-content\/uploads\/2017\/02\/bareto-768x426.jpg 768w, https:\/\/elinformanteperu.com\/wp-content\/uploads\/2017\/02\/bareto-128x71.jpg 128w, https:\/\/elinformanteperu.com\/wp-content\/uploads\/2017\/02\/bareto-32x18.jpg 32w\" sizes=\"(max-width: 1024px) 100vw, 1024px\" \/><span style=\"color: #000000;\">Para seguir formando parte de esta gran fiesta deportiva y disfrutar de un inolvidable espect\u00e1culo, puedes adquirir tus entradas ingresando a <strong>lima2019.pe\/tickets<\/strong> o acudir a los m\u00f3dulos de venta autorizados. El costo de las entradas va desde los 20 soles (ceremonias de Inauguraci\u00f3n y Clausura) y 10 soles (competencias). Adem\u00e1s, hay descuento del 50% para menores de 18 a\u00f1os, adultos mayores de 60 y personas con discapacidad.<\/span><\/p>\n<p><span style=\"color: #000000;\">La espectacular Ceremonia de Inauguraci\u00f3n en el Estadio Nacional estar\u00e1 nuevamente a cargo de la prestigiosa empresa italiana Balich WorldWide Shows, que realiz\u00f3 los eventos de apertura y clausura de los Panamericanos y de los Juegos Ol\u00edmpicos R\u00edo 2016. Participar\u00e1n 1890 para atletas de 30 pa\u00edses en 17 deportes y 18 disciplinas., entre ellas grandes estrellas del deporte mundial, como la selecci\u00f3n de para deportistas de Estados Unidos que llega con 67 medallistas paral\u00edmpicos.<\/span><\/p>\n<p><span style=\"color: #000000;\">Las sedes de competencia son la Villa Deportiva Nacional (Videna), Polideportivo del Callao, Coliseo Miguel Grau, Complejo Andr\u00e9s Avelino C\u00e1ceres de Villa Mar\u00eda del Triunfo, Polideportivo de Villa El Salvador, Costa Verde de San Miguel, Lawn Tenis y Pol\u00edgono de la Base A\u00e9rea Las Palmas. La delegaci\u00f3n del Per\u00fa contar\u00e1 con 139 para deportistas, la m\u00e1s grande de la historia nacional, pues en los Juegos Parapanamericanos Toronto 2015 participaron 16 para atletas.<\/span><\/p>\n<p>https:\/\/youtu.be\/PcFx80W_xtU<\/p>\n","protected":false},"excerpt":{"rendered":"<p>El grupo nacional Bareto ser\u00e1 uno de los atractivos estelares en la Ceremonia de Inauguraci\u00f3n de los Juegos Parapanamericanos Lima 2019. Lima, 16 Agosto 2019, (ANDINA).- El reconocido grupo nacional de m\u00fasica tropical alternativa Bareto, nominado en dos ocasiones a los Latin Grammy, ser\u00e1 uno de los atractivos estelares en la Ceremonia de Inauguraci\u00f3n de [&hellip;]<\/p>\n","protected":false},"author":1,"featured_media":55310,"comment_status":"open","ping_status":"open","sticky":false,"template":"","format":"standard","meta":{"rop_custom_images_group":[],"rop_custom_messages_group":[],"rop_publish_now":"initial","rop_publish_now_accounts":[],"rop_publish_now_history":[],"rop_publish_now_status":"pending","footnotes":""},"categories":[8,69],"tags":[2184,191,2003],"class_list":["post-55309","post","type-post","status-publish","format-standard","has-post-thumbnail","hentry","category-disciplinas-deportivas","category-musica","tag-bareto","tag-lima-2019","tag-parapanamericanos-lima-2019"],"_links":{"self":[{"href":"https:\/\/elinformanteperu.com\/index.php\/wp-json\/wp\/v2\/posts\/55309","targetHints":{"allow":["GET"]}}],"collection":[{"href":"https:\/\/elinformanteperu.com\/index.php\/wp-json\/wp\/v2\/posts"}],"about":[{"href":"https:\/\/elinformanteperu.com\/index.php\/wp-json\/wp\/v2\/types\/post"}],"author":[{"embeddable":true,"href":"https:\/\/elinformanteperu.com\/index.php\/wp-json\/wp\/v2\/users\/1"}],"replies":[{"embeddable":true,"href":"https:\/\/elinformanteperu.com\/index.php\/wp-json\/wp\/v2\/comments?post=55309"}],"version-history":[{"count":1,"href":"https:\/\/elinformanteperu.com\/index.php\/wp-json\/wp\/v2\/posts\/55309\/revisions"}],"predecessor-version":[{"id":55311,"href":"https:\/\/elinformanteperu.com\/index.php\/wp-json\/wp\/v2\/posts\/55309\/revisions\/55311"}],"wp:featuredmedia":[{"embeddable":true,"href":"https:\/\/elinformanteperu.com\/index.php\/wp-json\/wp\/v2\/media\/55310"}],"wp:attachment":[{"href":"https:\/\/elinformanteperu.com\/index.php\/wp-json\/wp\/v2\/media?parent=55309"}],"wp:term":[{"taxonomy":"category","embeddable":true,"href":"https:\/\/elinformanteperu.com\/index.php\/wp-json\/wp\/v2\/categories?post=55309"},{"taxonomy":"post_tag","embeddable":true,"href":"https:\/\/elinformanteperu.com\/index.php\/wp-json\/wp\/v2\/tags?post=55309"}],"curies":[{"name":"wp","href":"https:\/\/api.w.org\/{rel}","templated":true}]}}