{"id":55299,"date":"2019-08-17T01:28:18","date_gmt":"2019-08-17T06:28:18","guid":{"rendered":"http:\/\/elinformanteperu.com\/?p=55299"},"modified":"2019-08-17T01:28:18","modified_gmt":"2019-08-17T06:28:18","slug":"ministra-de-salud-y-primera-dama-de-la-nacion-dieron-inicio-a-la-semana-de-la-lactancia-materna","status":"publish","type":"post","link":"https:\/\/elinformanteperu.com\/index.php\/2019\/08\/17\/ministra-de-salud-y-primera-dama-de-la-nacion-dieron-inicio-a-la-semana-de-la-lactancia-materna\/","title":{"rendered":"Ministra de salud y Primera Dama de la Naci\u00f3n dieron inicio a la Semana de la Lactancia Materna"},"content":{"rendered":"<p><strong><span style=\"color: #000000;\">En el Per\u00fa el 70% de mujeres dan de lactar a sus hijos y la mayor prevalencia est\u00e1 en la Sierra y Selva<\/span><\/strong><\/p>\n<p><span style=\"color: #000000;\"><strong>Lima, 16 Agosto 2019, (El Informante Per\u00fa).-<\/strong> El Ministerio de Salud (Minsa) en su compromiso de promover la lactancia materna y contribuir a la reducci\u00f3n de la desnutrici\u00f3n cr\u00f3nica infantil en el pa\u00eds dio inicio a la Semana de la Lactancia Materna con la premiaci\u00f3n del Concurso \u201cBeb\u00e9 Mamoncito 2019\u201d organizado por la Direcci\u00f3n de Redes Integradas de Salud (Diris) Lima Norte, Este, Sur y Centro, a fin de reconocer a la madre por el cuidado de la salud, nutrici\u00f3n y desarrollo de su beb\u00e9.<\/span><\/p>\n<p><span style=\"color: #000000;\">La premiaci\u00f3n estuvo a cargo de la ministra de Salud, Zulema Tom\u00e1s Gonz\u00e1les, y la primera dama de la Naci\u00f3n, Maribel D\u00edaz Cabello, quienes otorgaron el reconocimiento a un total de12 ganadores en una emotiva ceremonia realizada en el Centro de Salud Materno Infantil Per\u00fa \u2013 Corea \u201cSanta Luzmila II\u201d, ubicado en Comas.<\/span><\/p>\n<p><span style=\"color: #000000;\">La primera dama de la Naci\u00f3n, Maribel D\u00edaz Cabello, destac\u00f3 que el inicio de una vida saludable empieza con la lactancia materna y de ah\u00ed la complementaci\u00f3n con una alimentaci\u00f3n balanceada, sobre todo, rica en hierro.<\/span><\/p>\n<p><span style=\"color: #000000;\">\u00abLo m\u00e1s bonito de la lactancia es el v\u00ednculo afectivo que se crea entre la madre y su hijo, me siento muy honrada de estar aqu\u00ed en este importante lanzamiento\u00bb, puntualiz\u00f3.<\/span><\/p>\n<p><img fetchpriority=\"high\" decoding=\"async\" class=\"aligncenter size-full wp-image-55301\" src=\"http:\/\/elinformanteperu.com\/wp-content\/uploads\/2019\/08\/Minsa-Maribel-Diaz-Cabello-primera-dama1.jpg\" alt=\"\" width=\"646\" height=\"361\" srcset=\"https:\/\/elinformanteperu.com\/wp-content\/uploads\/2019\/08\/Minsa-Maribel-Diaz-Cabello-primera-dama1.jpg 646w, https:\/\/elinformanteperu.com\/wp-content\/uploads\/2019\/08\/Minsa-Maribel-Diaz-Cabello-primera-dama1-300x168.jpg 300w, https:\/\/elinformanteperu.com\/wp-content\/uploads\/2019\/08\/Minsa-Maribel-Diaz-Cabello-primera-dama1-128x72.jpg 128w, https:\/\/elinformanteperu.com\/wp-content\/uploads\/2019\/08\/Minsa-Maribel-Diaz-Cabello-primera-dama1-32x18.jpg 32w\" sizes=\"(max-width: 646px) 100vw, 646px\" \/><span style=\"color: #000000;\">A su turno, la ministra de Salud, Zulema Tom\u00e1s Gonz\u00e1les, destac\u00f3 que dar de lactar es la defensa inmunol\u00f3gica para nuestros ni\u00f1os y si lo complementamos con las vacunas, ellos estar\u00e1n protegidos de cualquier enfermedad.<\/span><\/p>\n<p><span style=\"color: #000000;\">La titular del sector Salud mencion\u00f3 que la lactancia materna es el acto de amor m\u00e1s hermoso, generando un v\u00ednculo fuerte entre madre e hijo.<\/span><\/p>\n<p><span style=\"color: #000000;\">\u00abEn el Per\u00fa el 80% de mujeres de la sierra y selva dan de lactar a sus hijos, y en Lima la cifra es del 37%. Sin embargo, a\u00fan hay regiones donde existe la proporci\u00f3n m\u00e1s baja de menores de seis meses con lactancia materna exclusiva\u00bb, sostuvo.<\/span><\/p>\n<p><span style=\"color: #000000;\">Asimismo, a\u00f1adi\u00f3 que es importante resaltar que la lactancia materna exclusiva tiene muchos beneficios para la salud de la madre y el ni\u00f1o, ya que lo protege de las enfermedades diarreicas y respiratorias, as\u00ed como de la anemia que es una enfermedad silenciosa que afecta al 43% de la poblaci\u00f3n infantil.<\/span><\/p>\n<p><strong><span style=\"color: #000000;\">Concurso Beb\u00e9 Mamoncito<\/span><\/strong><\/p>\n<p><span style=\"color: #000000;\">Cabe mencionar, que el concurso del \u00abBeb\u00e9 Momoncito\u00bb se realiz\u00f3 en dos categor\u00edas: de 0 a 6 meses y de 6 meses a 2 a\u00f1os, participaron los beb\u00e9s de los pacientes y de los trabajadores de las Direcciones Integradas de Salud (Diris) de Lima Metropolitana.<\/span><\/p>\n<p><span style=\"color: #000000;\">Durante la actividad, estuvo presente el food truck \u00abSaz\u00f3n de Hierro\u00bb brindando charlas demostrativas de alimentos ricos en hierro y degustaci\u00f3n de 200 raciones de las mismas al p\u00fablico asistente. Del mismo modo, el bus de la Vacunaci\u00f3n inmuniz\u00f3 a 200 personas entre ni\u00f1os menores de 5 a\u00f1os y adultos mayores.<\/span><\/p>\n<p><span style=\"color: #000000;\">La Semana de la Lactancia Materna se llevar\u00e1 a cabo hasta 27 de agosto y bajo el lema \u00abLactancia Materna, Amor que Alimenta\u00bb , se realizar\u00e1n diversas actividades como: foros intersectoriales, simposio internacional, as\u00ed como una feria en la cual se ense\u00f1ar\u00e1 t\u00e9cnicas de amamantamiento, psicoprofilaxis, estimulaci\u00f3n prenatal y otros temas relacionados con la salud y el cuidado de la madre y el lactante.<\/span><\/p>\n<p><strong><span style=\"color: #000000;\">Recorrido por los servicios materno infantil<\/span><\/strong><\/p>\n<p><span style=\"color: #000000;\">Despu\u00e9s del acto protocolar, las autoridades recorrieron las \u00e1reas de alojamiento conjunto, la unidad de internamiento obst\u00e9trico y el \u00e1rea de neonatolog\u00eda (zona de incubadoras).<\/span><\/p>\n<p><span style=\"color: #000000;\">Tambi\u00e9n en dicho establecimiento de salud visitaron el lactario Institucional y la zona de estimulaci\u00f3n prenatal y\/o psicoprofilaxis obst\u00e9trica, para interactuar con los y las usuarias, y tambi\u00e9n para promover la importancia y beneficios del v\u00ednculo madre-ni\u00f1o durante la lactancia materna exclusiva.<\/span><\/p>\n<p><span style=\"color: #000000;\">Estuvieren presentes en el evento el alcalde de Comas, Ra\u00fal D\u00edaz; el Director de la Direcci\u00f3n de Redes Integradas de Salud (Diris) Lima Norte, Claudio Ram\u00edrez, entre otras autoridades.<\/span><\/p>\n","protected":false},"excerpt":{"rendered":"<p>En el Per\u00fa el 70% de mujeres dan de lactar a sus hijos y la mayor prevalencia est\u00e1 en la Sierra y Selva Lima, 16 Agosto 2019, (El Informante Per\u00fa).- El Ministerio de Salud (Minsa) en su compromiso de promover la lactancia materna y contribuir a la reducci\u00f3n de la desnutrici\u00f3n cr\u00f3nica infantil en el [&hellip;]<\/p>\n","protected":false},"author":1,"featured_media":55300,"comment_status":"open","ping_status":"open","sticky":false,"template":"","format":"standard","meta":{"rop_custom_images_group":[],"rop_custom_messages_group":[],"rop_publish_now":"initial","rop_publish_now_accounts":[],"rop_publish_now_history":[],"rop_publish_now_status":"pending","footnotes":""},"categories":[10],"tags":[4764,388,431,4017],"class_list":["post-55299","post","type-post","status-publish","format-standard","has-post-thumbnail","hentry","category-actualidad-municipal","tag-maribel-diaz-cabello","tag-ministerio-de-salud","tag-minsa","tag-zulema-tomas-gonzales"],"_links":{"self":[{"href":"https:\/\/elinformanteperu.com\/index.php\/wp-json\/wp\/v2\/posts\/55299","targetHints":{"allow":["GET"]}}],"collection":[{"href":"https:\/\/elinformanteperu.com\/index.php\/wp-json\/wp\/v2\/posts"}],"about":[{"href":"https:\/\/elinformanteperu.com\/index.php\/wp-json\/wp\/v2\/types\/post"}],"author":[{"embeddable":true,"href":"https:\/\/elinformanteperu.com\/index.php\/wp-json\/wp\/v2\/users\/1"}],"replies":[{"embeddable":true,"href":"https:\/\/elinformanteperu.com\/index.php\/wp-json\/wp\/v2\/comments?post=55299"}],"version-history":[{"count":1,"href":"https:\/\/elinformanteperu.com\/index.php\/wp-json\/wp\/v2\/posts\/55299\/revisions"}],"predecessor-version":[{"id":55302,"href":"https:\/\/elinformanteperu.com\/index.php\/wp-json\/wp\/v2\/posts\/55299\/revisions\/55302"}],"wp:featuredmedia":[{"embeddable":true,"href":"https:\/\/elinformanteperu.com\/index.php\/wp-json\/wp\/v2\/media\/55300"}],"wp:attachment":[{"href":"https:\/\/elinformanteperu.com\/index.php\/wp-json\/wp\/v2\/media?parent=55299"}],"wp:term":[{"taxonomy":"category","embeddable":true,"href":"https:\/\/elinformanteperu.com\/index.php\/wp-json\/wp\/v2\/categories?post=55299"},{"taxonomy":"post_tag","embeddable":true,"href":"https:\/\/elinformanteperu.com\/index.php\/wp-json\/wp\/v2\/tags?post=55299"}],"curies":[{"name":"wp","href":"https:\/\/api.w.org\/{rel}","templated":true}]}}