{"id":55294,"date":"2019-08-16T00:12:44","date_gmt":"2019-08-16T05:12:44","guid":{"rendered":"http:\/\/elinformanteperu.com\/?p=55294"},"modified":"2019-08-16T00:12:44","modified_gmt":"2019-08-16T05:12:44","slug":"moran-el-gobierno-es-dialogante-pero-no-tolerara-a-sectores-violentistas","status":"publish","type":"post","link":"https:\/\/elinformanteperu.com\/index.php\/2019\/08\/16\/moran-el-gobierno-es-dialogante-pero-no-tolerara-a-sectores-violentistas\/","title":{"rendered":"Mor\u00e1n: El Gobierno es dialogante pero no tolerar\u00e1 a sectores violentistas"},"content":{"rendered":"<p><strong><span style=\"color: #000000;\">El ministro del Interior, Carlos Mor\u00e1n Soto, afirm\u00f3 que el Gobierno buscar\u00e1 siempre el di\u00e1logo, pero sin tolerar a sectores violentistas.<\/span><\/strong><\/p>\n<p><span style=\"color: #000000;\"><strong>Lima, 15 Agosto 2019, (ANDINA).-<\/strong> El ministro del Interior, Carlos Mor\u00e1n Soto, afirm\u00f3 que el Gobierno buscar\u00e1 siempre el di\u00e1logo, pero sin tolerar a sectores violentistas, y asegur\u00f3 que existe la voluntad de resolver por la v\u00eda de las conversaciones cualquier conflicto que genere protestas en el pa\u00eds.<\/span><\/p>\n<p><span style=\"color: #000000;\">El funcionario consider\u00f3 que, si bien el derecho a la protesta est\u00e1 garantizado por la Constituci\u00f3n, su portafolio tiene el deber de velar por la seguridad ciudadana y preservar el orden p\u00fablico, por lo que en ninguna circunstancia podr\u00e1 permitir actos de violencia.<\/span><\/p>\n<p><span style=\"color: #000000;\">\u201cEl presidente Mart\u00edn Vizcarra lidera un gobierno dialogante, que busca solucionar los conflictos sociales, en base a armon\u00eda y concertaci\u00f3n [\u2026] Vamos a seguir apostando por ello para solucionar los problemas que se puedan presentar\u201d.<\/span><\/p>\n<p><span style=\"color: #000000;\">Mor\u00e1n critic\u00f3 que, no obstante, esa voluntad de di\u00e1logo, existan autoridades regionales y locales que busquen la confrontaci\u00f3n o que utilicen las protestas como plataforma pol\u00edtica, sin comprender que tienen tambi\u00e9n una responsabilidad como gobierno.<\/span><\/p>\n<p><span style=\"color: #000000;\">El ministro del Interior los inst\u00f3 a dejar de lado los intereses particulares, pol\u00edticos o partidarios, para poner al Per\u00fa primero y enfrentar juntos a los enemigos comunes del pa\u00eds: la pobreza, la inseguridad ciudadana y la exclusi\u00f3n social.<\/span><\/p>\n<p><span style=\"color: #000000;\">Desde la regi\u00f3n La Libertad, donde inaugur\u00f3 obras en una sede policial, recalc\u00f3 que, bajo esa vocaci\u00f3n dialogante y en un acto de desprendimiento, es que el Gobierno plante\u00f3 adelantar las elecciones generales para el 2020.<\/span><\/p>\n<p><span style=\"color: #000000;\">\u201cEstamos en capacidad de ponernos de acuerdo, pero que se escuche la voz del pueblo. La conflictividad permanente no abona a favor de la construcci\u00f3n de un pa\u00eds mejor [\u2026]. Es necesario que venga otro Congreso y otro Ejecutivo\u201d.<\/span><\/p>\n<p><span style=\"color: #000000;\">Junto al comandante general de la Polic\u00eda Nacional del Per\u00fa (PNP), general Jos\u00e9 Lavalle, asever\u00f3 que, a pesar ese clima de constante crispaci\u00f3n, el Gobierno seguir\u00e1 trabajando hasta el \u00faltimo d\u00eda de gesti\u00f3n sin distinci\u00f3n de colores pol\u00edticos.<\/span><\/p>\n<p><strong><span style=\"color: #000000;\">Unidad policial<\/span><\/strong><\/p>\n<p><span style=\"color: #000000;\">Mor\u00e1n declar\u00f3 a la prensa luego de inaugurar las obras de mejoramiento de los servicios policiales de la Divisi\u00f3n de Orden P\u00fablico y Seguridad Paij\u00e1n, en el distrito del mismo nombre, situado en la provincia liberte\u00f1a de Ascope.<\/span><\/p>\n<p><span style=\"color: #000000;\">La obra, que beneficia a m\u00e1s de medio mill\u00f3n de personas, es parte de una estrategia integral contra la inseguridad en La Libertad, en el norte del pa\u00eds, y constituye una de las obras de envergadura del Ministerio del Interior, con miras al Bicentenario.<\/span><\/p>\n<p><span style=\"color: #000000;\">\u201cSe trata de un gran complejo policial que, con esta infraestructura, se deber\u00eda replicar en todas las provincias a escala nacional [\u2026]. Esta obra no tiene nada que envidiarles a las que hay en Lima\u201d, precis\u00f3 el ministro.<\/span><\/p>\n<p><span style=\"color: #000000;\">El proyecto de infraestructura se ejecut\u00f3 bajo la modalidad de Obras por Impuestos y contar\u00e1 con un Centro de Emergencia Mujer (CEM) para la atenci\u00f3n integral de v\u00edctimas de violencia familiar y sexual en la zona.<\/span><\/p>\n<p><span style=\"color: #000000;\">A la par, se entreg\u00f3 tambi\u00e9n a esta sede policial una flota de 18 camionetas 4&#215;4, as\u00ed como 14 motocicletas y tres autom\u00f3viles, adem\u00e1s de mobiliario de oficinas, equipos de comunicaciones, c\u00f3mputo y audiovisual, entre otros.<\/span><\/p>\n<p><span style=\"color: #000000;\">Desde el 15 de julio de este a\u00f1o, la nueva dependencia policial est\u00e1 operando con 171 agentes dotados de uniformes, varas, esposas, escudos protectores, chalecos antibalas, c\u00e1maras antig\u00e1s, binoculares, entre otros implementos.<\/span><\/p>\n","protected":false},"excerpt":{"rendered":"<p>El ministro del Interior, Carlos Mor\u00e1n Soto, afirm\u00f3 que el Gobierno buscar\u00e1 siempre el di\u00e1logo, pero sin tolerar a sectores violentistas. Lima, 15 Agosto 2019, (ANDINA).- El ministro del Interior, Carlos Mor\u00e1n Soto, afirm\u00f3 que el Gobierno buscar\u00e1 siempre el di\u00e1logo, pero sin tolerar a sectores violentistas, y asegur\u00f3 que existe la voluntad de resolver [&hellip;]<\/p>\n","protected":false},"author":1,"featured_media":55295,"comment_status":"open","ping_status":"open","sticky":false,"template":"","format":"standard","meta":{"rop_custom_images_group":[],"rop_custom_messages_group":[],"rop_publish_now":"initial","rop_publish_now_accounts":[],"rop_publish_now_history":[],"rop_publish_now_status":"pending","footnotes":""},"categories":[5],"tags":[3684,401,280,1421],"class_list":["post-55294","post","type-post","status-publish","format-standard","has-post-thumbnail","hentry","category-actualidad-informativa","tag-carlos-moran","tag-mininter","tag-ministerio-del-interior","tag-poder-ejecutivo"],"_links":{"self":[{"href":"https:\/\/elinformanteperu.com\/index.php\/wp-json\/wp\/v2\/posts\/55294","targetHints":{"allow":["GET"]}}],"collection":[{"href":"https:\/\/elinformanteperu.com\/index.php\/wp-json\/wp\/v2\/posts"}],"about":[{"href":"https:\/\/elinformanteperu.com\/index.php\/wp-json\/wp\/v2\/types\/post"}],"author":[{"embeddable":true,"href":"https:\/\/elinformanteperu.com\/index.php\/wp-json\/wp\/v2\/users\/1"}],"replies":[{"embeddable":true,"href":"https:\/\/elinformanteperu.com\/index.php\/wp-json\/wp\/v2\/comments?post=55294"}],"version-history":[{"count":1,"href":"https:\/\/elinformanteperu.com\/index.php\/wp-json\/wp\/v2\/posts\/55294\/revisions"}],"predecessor-version":[{"id":55296,"href":"https:\/\/elinformanteperu.com\/index.php\/wp-json\/wp\/v2\/posts\/55294\/revisions\/55296"}],"wp:featuredmedia":[{"embeddable":true,"href":"https:\/\/elinformanteperu.com\/index.php\/wp-json\/wp\/v2\/media\/55295"}],"wp:attachment":[{"href":"https:\/\/elinformanteperu.com\/index.php\/wp-json\/wp\/v2\/media?parent=55294"}],"wp:term":[{"taxonomy":"category","embeddable":true,"href":"https:\/\/elinformanteperu.com\/index.php\/wp-json\/wp\/v2\/categories?post=55294"},{"taxonomy":"post_tag","embeddable":true,"href":"https:\/\/elinformanteperu.com\/index.php\/wp-json\/wp\/v2\/tags?post=55294"}],"curies":[{"name":"wp","href":"https:\/\/api.w.org\/{rel}","templated":true}]}}