{"id":5511,"date":"2017-02-03T00:25:28","date_gmt":"2017-02-03T05:25:28","guid":{"rendered":"http:\/\/elinformanteperu.com\/?p=5511"},"modified":"2017-02-03T00:27:39","modified_gmt":"2017-02-03T05:27:39","slug":"lambayeque-tres-comisarias-distritales-afectadas-por-las-intensas-lluvias","status":"publish","type":"post","link":"https:\/\/elinformanteperu.com\/index.php\/2017\/02\/03\/lambayeque-tres-comisarias-distritales-afectadas-por-las-intensas-lluvias\/","title":{"rendered":"Lambayeque: Tres comisar\u00edas distritales afectadas por las intensas lluvias"},"content":{"rendered":"<p><strong>Tres comisar\u00edas ubicadas en distritos de Lambayeque resultaron inundadas a consecuencia de la lluvia intensa que se registr\u00f3 por casi 10 horas en dicha regi\u00f3n.<\/strong><\/p>\n<p><strong>Chiclayo, 02 Febrero 2017, (ANDINA).-<\/strong> Tres comisar\u00edas ubicadas en distritos de Lambayeque resultaron inundadas a consecuencia de la lluvia intensa que se registr\u00f3 por casi 10 horas en dicha regi\u00f3n, inform\u00f3 la Macrorregi\u00f3n Norte de la Polic\u00eda Nacional.<\/p>\n<p>El jefe de dicha dependencia, general PNP Jorge P\u00e9rez Flores, manifest\u00f3 que las comisar\u00edas de Chongoyape, Salas y Olmos han quedado inundadas tras las precipitaciones pluviales.<\/p>\n<p>\u201cPersonal policial est\u00e1 evacuando el agua empozada, pero se requiere de equipos de bombeo (hidrojets) para extraer toda el agua pluvial\u201d, indic\u00f3.<\/p>\n<p>P\u00e9rez Flores manifest\u00f3 que las autoridades de Lambayeque trabajan coordinadamente para afrontar esta emergencia, que si bien no registra p\u00e9rdida de vidas humanas, s\u00ed han ocurrido cuantiosos da\u00f1os a la infraestructura, como es el caso de las delegaciones policiales.<\/p>\n<p>Desde la madrugada de hoy, la autoridad policial se reuni\u00f3 con las autoridades regionales para dar una respuesta inmediata a la emergencia.<\/p>\n","protected":false},"excerpt":{"rendered":"<p>Tres comisar\u00edas ubicadas en distritos de Lambayeque resultaron inundadas a consecuencia de la lluvia intensa que se registr\u00f3 por casi 10 horas en dicha regi\u00f3n. Chiclayo, 02 Febrero 2017, (ANDINA).- Tres comisar\u00edas ubicadas en distritos de Lambayeque resultaron inundadas a consecuencia de la lluvia intensa que se registr\u00f3 por casi 10 horas en dicha regi\u00f3n, [&hellip;]<\/p>\n","protected":false},"author":1,"featured_media":5514,"comment_status":"open","ping_status":"open","sticky":false,"template":"","format":"standard","meta":{"rop_custom_images_group":[],"rop_custom_messages_group":[],"rop_publish_now":"initial","rop_publish_now_accounts":[],"rop_publish_now_history":[],"rop_publish_now_status":"pending","footnotes":""},"categories":[10],"tags":[857,148],"class_list":["post-5511","post","type-post","status-publish","format-standard","has-post-thumbnail","hentry","category-actualidad-municipal","tag-huaico","tag-indeci"],"_links":{"self":[{"href":"https:\/\/elinformanteperu.com\/index.php\/wp-json\/wp\/v2\/posts\/5511","targetHints":{"allow":["GET"]}}],"collection":[{"href":"https:\/\/elinformanteperu.com\/index.php\/wp-json\/wp\/v2\/posts"}],"about":[{"href":"https:\/\/elinformanteperu.com\/index.php\/wp-json\/wp\/v2\/types\/post"}],"author":[{"embeddable":true,"href":"https:\/\/elinformanteperu.com\/index.php\/wp-json\/wp\/v2\/users\/1"}],"replies":[{"embeddable":true,"href":"https:\/\/elinformanteperu.com\/index.php\/wp-json\/wp\/v2\/comments?post=5511"}],"version-history":[{"count":2,"href":"https:\/\/elinformanteperu.com\/index.php\/wp-json\/wp\/v2\/posts\/5511\/revisions"}],"predecessor-version":[{"id":5515,"href":"https:\/\/elinformanteperu.com\/index.php\/wp-json\/wp\/v2\/posts\/5511\/revisions\/5515"}],"wp:featuredmedia":[{"embeddable":true,"href":"https:\/\/elinformanteperu.com\/index.php\/wp-json\/wp\/v2\/media\/5514"}],"wp:attachment":[{"href":"https:\/\/elinformanteperu.com\/index.php\/wp-json\/wp\/v2\/media?parent=5511"}],"wp:term":[{"taxonomy":"category","embeddable":true,"href":"https:\/\/elinformanteperu.com\/index.php\/wp-json\/wp\/v2\/categories?post=5511"},{"taxonomy":"post_tag","embeddable":true,"href":"https:\/\/elinformanteperu.com\/index.php\/wp-json\/wp\/v2\/tags?post=5511"}],"curies":[{"name":"wp","href":"https:\/\/api.w.org\/{rel}","templated":true}]}}