{"id":54832,"date":"2019-08-09T19:44:18","date_gmt":"2019-08-10T00:44:18","guid":{"rendered":"http:\/\/elinformanteperu.com\/?p=54832"},"modified":"2019-08-09T19:44:18","modified_gmt":"2019-08-10T00:44:18","slug":"thalia-mallqui-quiero-cerrar-mi-carrera-con-una-clasificacion-olimpica","status":"publish","type":"post","link":"https:\/\/elinformanteperu.com\/index.php\/2019\/08\/09\/thalia-mallqui-quiero-cerrar-mi-carrera-con-una-clasificacion-olimpica\/","title":{"rendered":"Thal\u00eda Mallqui: \u00abQuiero cerrar mi carrera con una clasificaci\u00f3n ol\u00edmpica\u00bb"},"content":{"rendered":"<p><strong><span style=\"color: #000000;\">Embajadora de Lima 2019 consigui\u00f3 medalla de bronce en los Juegos Panamericanos en Lucha libre.<\/span><\/strong><\/p>\n<p><span style=\"color: #000000;\"><strong>Lima, 09 Agosto 2019, (El Informante Per\u00fa).-<\/strong> Sus palabras denotaban tranquilidad, pero a la vez insatisfacci\u00f3n por no conseguir la medalla de oro que se propuso desde el 2015 cuando le colgaban la presea de plata en Toronto 2015. Desde ese d\u00eda, Thal\u00eda Mallqui trabaj\u00f3 con mucho sacrificio, pensando en darle una alegr\u00eda a su gente, aquella que lo acompa\u00f1\u00f3 en el Callao.<\/span><\/p>\n<p><span style=\"color: #000000;\">Esta vez no fue la de oro, pero tuvo el privilegio de subirse al podio para recibir una medalla de bronce que podr\u00eda ser la \u00faltima en Juegos Panamericanos, de la Embajadora de Lima 2019.<\/span><\/p>\n<p><img fetchpriority=\"high\" decoding=\"async\" class=\"aligncenter size-full wp-image-54834\" src=\"http:\/\/elinformanteperu.com\/wp-content\/uploads\/2019\/08\/Panamericanos-Thalia-Mallqui3.jpg\" alt=\"\" width=\"770\" height=\"522\" srcset=\"https:\/\/elinformanteperu.com\/wp-content\/uploads\/2019\/08\/Panamericanos-Thalia-Mallqui3.jpg 770w, https:\/\/elinformanteperu.com\/wp-content\/uploads\/2019\/08\/Panamericanos-Thalia-Mallqui3-300x203.jpg 300w, https:\/\/elinformanteperu.com\/wp-content\/uploads\/2019\/08\/Panamericanos-Thalia-Mallqui3-768x521.jpg 768w, https:\/\/elinformanteperu.com\/wp-content\/uploads\/2019\/08\/Panamericanos-Thalia-Mallqui3-128x87.jpg 128w, https:\/\/elinformanteperu.com\/wp-content\/uploads\/2019\/08\/Panamericanos-Thalia-Mallqui3-32x22.jpg 32w\" sizes=\"(max-width: 770px) 100vw, 770px\" \/><strong><span style=\"color: #000000;\">\u00bfCon que sensaci\u00f3n te vas de la competencia?<\/span><\/strong><\/p>\n<p><span style=\"color: #000000;\">De haber entregado todo. S\u00e9 que di todo de mi en ese colch\u00f3n y aqu\u00ed est\u00e1 la prueba (ense\u00f1ando la medalla de bronce).<\/span><\/p>\n<p><strong><span style=\"color: #000000;\">Ahora dec\u00edas que tienes 32 a\u00f1os. \u00bfCu\u00e1l crees que pueda ser el cierre de tu carrera \u00e9ste o hay uno nuevo?<\/span><\/strong><\/p>\n<p><span style=\"color: #000000;\">No, hay una clasificaci\u00f3n a Tokio. Quiero estar en los Juegos Ol\u00edmpicos, que es una meta que hasta ahora no he podido lograr y s\u00ed quiero estar en Tokio. Quiero cerrar mi carrera con una clasificaci\u00f3n ol\u00edmpica. Despu\u00e9s de Tokio ver\u00e9 que es lo bueno, como est\u00e1 el panorama, porque tengo 32 a\u00f1os. Quiero disfrutar tambi\u00e9n de mi familia, de mi hijo, de mi carrera, entonces ver como encuentro despu\u00e9s, dependiendo de eso.<\/span><\/p>\n<p><img decoding=\"async\" class=\"aligncenter size-full wp-image-54835\" src=\"http:\/\/elinformanteperu.com\/wp-content\/uploads\/2019\/08\/Panamericanos-Thalia-Mallqui2.jpg\" alt=\"\" width=\"773\" height=\"523\" srcset=\"https:\/\/elinformanteperu.com\/wp-content\/uploads\/2019\/08\/Panamericanos-Thalia-Mallqui2.jpg 773w, https:\/\/elinformanteperu.com\/wp-content\/uploads\/2019\/08\/Panamericanos-Thalia-Mallqui2-300x203.jpg 300w, https:\/\/elinformanteperu.com\/wp-content\/uploads\/2019\/08\/Panamericanos-Thalia-Mallqui2-768x520.jpg 768w, https:\/\/elinformanteperu.com\/wp-content\/uploads\/2019\/08\/Panamericanos-Thalia-Mallqui2-128x87.jpg 128w, https:\/\/elinformanteperu.com\/wp-content\/uploads\/2019\/08\/Panamericanos-Thalia-Mallqui2-32x22.jpg 32w\" sizes=\"(max-width: 773px) 100vw, 773px\" \/><strong><span style=\"color: #000000;\">Ahora tambi\u00e9n representaste a todos porque t\u00fa eres embajadora de Lima 2019, \u00bfese es un premio para tu carrera tambi\u00e9n?<\/span><\/strong><\/p>\n<p><span style=\"color: #000000;\">Si, definitivamente todo suma. La verdad que sent\u00ed el respaldo de toda la gente que estuvo apoy\u00e1ndome desde un principio. Saben el esfuerzo que he hecho para todo esto. Sabemos que el ser locales no es nada f\u00e1cil y aparte sab\u00eda que ten\u00eda que prepararme con todo, porque las rivales a las cuales me he enfrentado son duras. Felizmente se dio el resultado favorable con una medalla de bronce.<\/span><\/p>\n<p><strong><span style=\"color: #000000;\">\u00bfQu\u00e9 crees que van a dejar estos Juegos al Per\u00fa? Para los deportistas en general \u00bfcu\u00e1nto les va a servir esto?<\/span><\/strong><\/p>\n<p><span style=\"color: #000000;\">La verdad bastante. La infraestructura que se ha hecho para estos Juegos es de primer nivel y estoy segura que cualquier peque\u00f1o que haya visto, o bueno todos los j\u00f3venes, ni\u00f1os que han estado pendientes de los Juegos Panamericanos, se va a animar a querer participar o entrenar en un lugar de primer nivel.<\/span><\/p>\n<p><span style=\"color: #000000;\">Estoy segura que los pap\u00e1s, que son lo principal. van a apoyarlos para que puedan seguir en lo que les gusta, los apasione. Aparte, les digo eso es lo primero, tener el deseo de poder hacer algo y luego meterse con todo, porque la verdad que el deporte nos ayuda bastante.<\/span><\/p>\n<p><img decoding=\"async\" class=\"aligncenter size-full wp-image-47645\" src=\"http:\/\/elinformanteperu.com\/wp-content\/uploads\/2019\/04\/thalia-mallqui.jpg\" alt=\"\" width=\"500\" height=\"334\" srcset=\"https:\/\/elinformanteperu.com\/wp-content\/uploads\/2019\/04\/thalia-mallqui.jpg 500w, https:\/\/elinformanteperu.com\/wp-content\/uploads\/2019\/04\/thalia-mallqui-300x200.jpg 300w, https:\/\/elinformanteperu.com\/wp-content\/uploads\/2019\/04\/thalia-mallqui-128x86.jpg 128w, https:\/\/elinformanteperu.com\/wp-content\/uploads\/2019\/04\/thalia-mallqui-32x21.jpg 32w\" sizes=\"(max-width: 500px) 100vw, 500px\" \/><strong><span style=\"color: #000000;\">Lo \u00faltimo fue muy emocionante, el apoyo de la afici\u00f3n que te alent\u00f3 en el Callao.<\/span><\/strong><\/p>\n<p><span style=\"color: #000000;\">Si, la verdad yo lo sent\u00ed al inicio, antes de entrar al combate y al final, porque cuando estuve en el colch\u00f3n, la verdad me concentr\u00e9 mucho. Prefer\u00ed meterme en el combate de lleno y eso fue lo que hice. Despu\u00e9s si hubo bulla, gritaron mucho. La verdad no estuve muy pendiente, porque sab\u00eda que estaba en lo m\u00edo y ten\u00eda que estar super concentrada. Igual estoy agradecida a todos por el apoyo que me brindaron. Quer\u00eda una medalla de oro, pero las rivales fueron muy duras.<\/span><\/p>\n<p><span style=\"color: #000000;\">La Embajadora de Lima 2019 alcanz\u00f3 la medalla de bronce en Lucha Libre, en la categor\u00eda de 50 k femenino, al superar por puntos a su contrincante Jacqueline Mollocana de Ecuador, por 3-1, en la ronda de repechaje. Esta fue la presea 11 de bronce, que se suma a los siete de oro y las 6 de plata, para las 24 que han logrado los deportistas peruanos a poco del cierre del certamen multideportivo m\u00e1s importante del continente.<\/span><\/p>\n<p><img loading=\"lazy\" decoding=\"async\" class=\"aligncenter size-full wp-image-54836\" src=\"http:\/\/elinformanteperu.com\/wp-content\/uploads\/2019\/08\/Panamericanos-Thalia-Mallqui4.jpg\" alt=\"\" width=\"543\" height=\"514\" srcset=\"https:\/\/elinformanteperu.com\/wp-content\/uploads\/2019\/08\/Panamericanos-Thalia-Mallqui4.jpg 543w, https:\/\/elinformanteperu.com\/wp-content\/uploads\/2019\/08\/Panamericanos-Thalia-Mallqui4-300x284.jpg 300w, https:\/\/elinformanteperu.com\/wp-content\/uploads\/2019\/08\/Panamericanos-Thalia-Mallqui4-128x121.jpg 128w, https:\/\/elinformanteperu.com\/wp-content\/uploads\/2019\/08\/Panamericanos-Thalia-Mallqui4-32x30.jpg 32w\" sizes=\"(max-width: 543px) 100vw, 543px\" \/><\/p>\n","protected":false},"excerpt":{"rendered":"<p>Embajadora de Lima 2019 consigui\u00f3 medalla de bronce en los Juegos Panamericanos en Lucha libre. Lima, 09 Agosto 2019, (El Informante Per\u00fa).- Sus palabras denotaban tranquilidad, pero a la vez insatisfacci\u00f3n por no conseguir la medalla de oro que se propuso desde el 2015 cuando le colgaban la presea de plata en Toronto 2015. Desde [&hellip;]<\/p>\n","protected":false},"author":1,"featured_media":54833,"comment_status":"open","ping_status":"open","sticky":false,"template":"","format":"standard","meta":{"rop_custom_images_group":[],"rop_custom_messages_group":[],"rop_publish_now":"initial","rop_publish_now_accounts":[],"rop_publish_now_history":[],"rop_publish_now_status":"pending","footnotes":""},"categories":[8],"tags":[404,191,4347],"class_list":["post-54832","post","type-post","status-publish","format-standard","has-post-thumbnail","hentry","category-disciplinas-deportivas","tag-juegos-panamericanos-lima-2019","tag-lima-2019","tag-thalia-mallqui"],"_links":{"self":[{"href":"https:\/\/elinformanteperu.com\/index.php\/wp-json\/wp\/v2\/posts\/54832","targetHints":{"allow":["GET"]}}],"collection":[{"href":"https:\/\/elinformanteperu.com\/index.php\/wp-json\/wp\/v2\/posts"}],"about":[{"href":"https:\/\/elinformanteperu.com\/index.php\/wp-json\/wp\/v2\/types\/post"}],"author":[{"embeddable":true,"href":"https:\/\/elinformanteperu.com\/index.php\/wp-json\/wp\/v2\/users\/1"}],"replies":[{"embeddable":true,"href":"https:\/\/elinformanteperu.com\/index.php\/wp-json\/wp\/v2\/comments?post=54832"}],"version-history":[{"count":1,"href":"https:\/\/elinformanteperu.com\/index.php\/wp-json\/wp\/v2\/posts\/54832\/revisions"}],"predecessor-version":[{"id":54837,"href":"https:\/\/elinformanteperu.com\/index.php\/wp-json\/wp\/v2\/posts\/54832\/revisions\/54837"}],"wp:featuredmedia":[{"embeddable":true,"href":"https:\/\/elinformanteperu.com\/index.php\/wp-json\/wp\/v2\/media\/54833"}],"wp:attachment":[{"href":"https:\/\/elinformanteperu.com\/index.php\/wp-json\/wp\/v2\/media?parent=54832"}],"wp:term":[{"taxonomy":"category","embeddable":true,"href":"https:\/\/elinformanteperu.com\/index.php\/wp-json\/wp\/v2\/categories?post=54832"},{"taxonomy":"post_tag","embeddable":true,"href":"https:\/\/elinformanteperu.com\/index.php\/wp-json\/wp\/v2\/tags?post=54832"}],"curies":[{"name":"wp","href":"https:\/\/api.w.org\/{rel}","templated":true}]}}