{"id":54822,"date":"2019-08-09T19:25:05","date_gmt":"2019-08-10T00:25:05","guid":{"rendered":"http:\/\/elinformanteperu.com\/?p=54822"},"modified":"2019-08-09T19:25:05","modified_gmt":"2019-08-10T00:25:05","slug":"eve-jobs-medalla-de-bronce-en-salto-por-equipo-ecuestre-resalto-labor-de-los-voluntarios-de-lima-2019","status":"publish","type":"post","link":"https:\/\/elinformanteperu.com\/index.php\/2019\/08\/09\/eve-jobs-medalla-de-bronce-en-salto-por-equipo-ecuestre-resalto-labor-de-los-voluntarios-de-lima-2019\/","title":{"rendered":"Eve Jobs, medalla de bronce en salto por equipo ecuestre, resalt\u00f3 labor de los voluntarios de Lima 2019"},"content":{"rendered":"<p><strong><span style=\"color: #000000;\">Hija menor del creador de Apple, Steve Jobs, dialog\u00f3 con los voluntarios que apoyan en la Escuela de Equitaci\u00f3n del Ej\u00e9rcito en La Molina. La deportista se tom\u00f3 fotograf\u00edas y las comparti\u00f3 en sus redes sociales.<\/span><\/strong><\/p>\n<p><span style=\"color: #000000;\"><strong>Lima, 09 Agosto 2019, (El Informante Per\u00fa).-<\/strong> Fue un di\u00e1logo corto, pero reconfortante. La ganadora de la medalla de bronce por EE.UU. en salto por equipo ecuestre, Eve Jobs, hija del creador de Apple, Steve Jobs, convers\u00f3 con un grupo de voluntarios de la sede de la Escuela de Equitaci\u00f3n del Ej\u00e9rcito en La Molina y agradeci\u00f3 la labor que realizan los voluntarios a favor de los competidores.<\/span><\/p>\n<p><span style=\"color: #000000;\">Sencilla en el trato, Jobs acept\u00f3 posar para las fotograf\u00edas con este grupo de j\u00f3venes que le solicitaron eternizar el momento y, sorteando al grupo de seguridad que la acompa\u00f1a en estos Juegos Panamericanos, se tomaron el registro y, ella, lo comparti\u00f3 en sus redes sociales como parte de la experiencia que vive en nuestra capital.<\/span><\/p>\n<p><img fetchpriority=\"high\" decoding=\"async\" class=\"aligncenter size-full wp-image-54824\" src=\"http:\/\/elinformanteperu.com\/wp-content\/uploads\/2019\/08\/Panamericanos-Eve-Jobs-8.jpg\" alt=\"\" width=\"584\" height=\"515\" srcset=\"https:\/\/elinformanteperu.com\/wp-content\/uploads\/2019\/08\/Panamericanos-Eve-Jobs-8.jpg 584w, https:\/\/elinformanteperu.com\/wp-content\/uploads\/2019\/08\/Panamericanos-Eve-Jobs-8-300x265.jpg 300w, https:\/\/elinformanteperu.com\/wp-content\/uploads\/2019\/08\/Panamericanos-Eve-Jobs-8-128x113.jpg 128w, https:\/\/elinformanteperu.com\/wp-content\/uploads\/2019\/08\/Panamericanos-Eve-Jobs-8-32x28.jpg 32w\" sizes=\"(max-width: 584px) 100vw, 584px\" \/><span style=\"color: #000000;\">Jorge Farf\u00e1n (20), voluntario y estudiante de Ciencias de la Comunicaci\u00f3n en la Universidad de Lima, testimoni\u00f3 que, inicialmente, no estaban muy seguros de acercarse \u2013b\u00e1sicamente- por el grupo de seguridad que la rodeaba. Luego, cont\u00f3, que se soltaron un poco, dialogaron y destac\u00f3 la sencillez de Eve Jobs, quien conversaba sin mayores sobresaltos, ni apuros.<\/span><\/p>\n<p><span style=\"color: #000000;\">Record\u00f3, luego de conversar con la deportista, como an\u00e9cdota, que el d\u00eda que sali\u00f3 elegido como voluntario se hizo una pregunta inicial \u00bfqu\u00e9 es Ecuestre? Unos minutos antes, a su correo electr\u00f3nico, hab\u00eda llegado la comunicaci\u00f3n oficial que hab\u00eda sido elegido como Voluntario de los Juegos Panamericanos Lima 2019 y designado a esta competencia.<\/span><\/p>\n<p><img decoding=\"async\" class=\"aligncenter size-full wp-image-54825\" src=\"http:\/\/elinformanteperu.com\/wp-content\/uploads\/2019\/08\/Panamericanos-Eve-Jobs-5.jpg\" alt=\"\" width=\"751\" height=\"518\" srcset=\"https:\/\/elinformanteperu.com\/wp-content\/uploads\/2019\/08\/Panamericanos-Eve-Jobs-5.jpg 751w, https:\/\/elinformanteperu.com\/wp-content\/uploads\/2019\/08\/Panamericanos-Eve-Jobs-5-300x207.jpg 300w, https:\/\/elinformanteperu.com\/wp-content\/uploads\/2019\/08\/Panamericanos-Eve-Jobs-5-128x88.jpg 128w, https:\/\/elinformanteperu.com\/wp-content\/uploads\/2019\/08\/Panamericanos-Eve-Jobs-5-32x22.jpg 32w\" sizes=\"(max-width: 751px) 100vw, 751px\" \/><span style=\"color: #000000;\">Era marzo del 2019 y no pens\u00f3 que cinco meses despu\u00e9s, durante una prueba de saltos por equipos, iba a intercambiar algunos di\u00e1logos con Eve Jobs, la hija del creador de los equipos tecnol\u00f3gicos de Apple, Steve Jobs. Y m\u00e1s all\u00e1 de esta experiencia, Jorge destac\u00f3 el hecho que la organizaci\u00f3n pensara en todos para lograr este acontecimiento multideportivo m\u00e1s importante de la regi\u00f3n.<\/span><\/p>\n<p><span style=\"color: #000000;\">\u00c9l tiene un mal irreversible, esclerosis muscular espinal, una enfermedad que no conecta las \u00f3rdenes del cerebro hacia los m\u00fasculos y, por lo tanto, no puede caminar. Para movilizarse, utiliza una silla de ruedas el\u00e9ctrica, que le permite ser independiente en las tareas diarias.<\/span><\/p>\n<p><span style=\"color: #000000;\">\u201cY eso es lo que destaco, si no fuera porque el Comit\u00e9 Organizador pens\u00f3 que desarrollar unos Juegos Panamericanos inclusivos, donde las personas con discapacidad podamos ser parte de este evento \u00fanico en el pa\u00eds, no estar\u00eda aqu\u00ed: los accesos para las sillas de ruedas, los lugares especiales en cada una de las sedes de competici\u00f3n para las PCD (Personas con discapacidad) son una forma de decirnos que nosotros somos parte, que podemos y que somos importantes\u201d, enfatiz\u00f3.<\/span><\/p>\n<p><span style=\"color: #000000;\">Los Juegos Panamericanos no solo, como dice Jorge, es un evento multideportivo m\u00e1s importante del continente, sino que la organizaci\u00f3n logr\u00f3 que participen todos los peruanos, sin distinci\u00f3n, porque todos somos anfitriones y jugamos todos.<\/span><\/p>\n<p><img decoding=\"async\" class=\"aligncenter  wp-image-54826\" src=\"http:\/\/elinformanteperu.com\/wp-content\/uploads\/2019\/08\/Panamericanos-Eve-Jobs-7.jpg\" alt=\"\" width=\"265\" height=\"407\" srcset=\"https:\/\/elinformanteperu.com\/wp-content\/uploads\/2019\/08\/Panamericanos-Eve-Jobs-7.jpg 338w, https:\/\/elinformanteperu.com\/wp-content\/uploads\/2019\/08\/Panamericanos-Eve-Jobs-7-195x300.jpg 195w, https:\/\/elinformanteperu.com\/wp-content\/uploads\/2019\/08\/Panamericanos-Eve-Jobs-7-83x128.jpg 83w, https:\/\/elinformanteperu.com\/wp-content\/uploads\/2019\/08\/Panamericanos-Eve-Jobs-7-21x32.jpg 21w\" sizes=\"(max-width: 265px) 100vw, 265px\" \/><\/p>\n","protected":false},"excerpt":{"rendered":"<p>Hija menor del creador de Apple, Steve Jobs, dialog\u00f3 con los voluntarios que apoyan en la Escuela de Equitaci\u00f3n del Ej\u00e9rcito en La Molina. La deportista se tom\u00f3 fotograf\u00edas y las comparti\u00f3 en sus redes sociales. Lima, 09 Agosto 2019, (El Informante Per\u00fa).- Fue un di\u00e1logo corto, pero reconfortante. La ganadora de la medalla de [&hellip;]<\/p>\n","protected":false},"author":1,"featured_media":54823,"comment_status":"open","ping_status":"open","sticky":false,"template":"","format":"standard","meta":{"rop_custom_images_group":[],"rop_custom_messages_group":[],"rop_publish_now":"initial","rop_publish_now_accounts":[],"rop_publish_now_history":[],"rop_publish_now_status":"pending","footnotes":""},"categories":[8],"tags":[4734,404,191],"class_list":["post-54822","post","type-post","status-publish","format-standard","has-post-thumbnail","hentry","category-disciplinas-deportivas","tag-eve-jobs","tag-juegos-panamericanos-lima-2019","tag-lima-2019"],"_links":{"self":[{"href":"https:\/\/elinformanteperu.com\/index.php\/wp-json\/wp\/v2\/posts\/54822","targetHints":{"allow":["GET"]}}],"collection":[{"href":"https:\/\/elinformanteperu.com\/index.php\/wp-json\/wp\/v2\/posts"}],"about":[{"href":"https:\/\/elinformanteperu.com\/index.php\/wp-json\/wp\/v2\/types\/post"}],"author":[{"embeddable":true,"href":"https:\/\/elinformanteperu.com\/index.php\/wp-json\/wp\/v2\/users\/1"}],"replies":[{"embeddable":true,"href":"https:\/\/elinformanteperu.com\/index.php\/wp-json\/wp\/v2\/comments?post=54822"}],"version-history":[{"count":1,"href":"https:\/\/elinformanteperu.com\/index.php\/wp-json\/wp\/v2\/posts\/54822\/revisions"}],"predecessor-version":[{"id":54827,"href":"https:\/\/elinformanteperu.com\/index.php\/wp-json\/wp\/v2\/posts\/54822\/revisions\/54827"}],"wp:featuredmedia":[{"embeddable":true,"href":"https:\/\/elinformanteperu.com\/index.php\/wp-json\/wp\/v2\/media\/54823"}],"wp:attachment":[{"href":"https:\/\/elinformanteperu.com\/index.php\/wp-json\/wp\/v2\/media?parent=54822"}],"wp:term":[{"taxonomy":"category","embeddable":true,"href":"https:\/\/elinformanteperu.com\/index.php\/wp-json\/wp\/v2\/categories?post=54822"},{"taxonomy":"post_tag","embeddable":true,"href":"https:\/\/elinformanteperu.com\/index.php\/wp-json\/wp\/v2\/tags?post=54822"}],"curies":[{"name":"wp","href":"https:\/\/api.w.org\/{rel}","templated":true}]}}