{"id":54800,"date":"2019-08-08T23:38:31","date_gmt":"2019-08-09T04:38:31","guid":{"rendered":"http:\/\/elinformanteperu.com\/?p=54800"},"modified":"2019-08-08T23:38:31","modified_gmt":"2019-08-09T04:38:31","slug":"hasta-el-30-de-setiembre-hay-plazo-para-revalidar-licencia-de-conducir-clase-a-profesional","status":"publish","type":"post","link":"https:\/\/elinformanteperu.com\/index.php\/2019\/08\/08\/hasta-el-30-de-setiembre-hay-plazo-para-revalidar-licencia-de-conducir-clase-a-profesional\/","title":{"rendered":"Hasta el 30 de setiembre hay plazo para revalidar licencia de conducir clase A profesional"},"content":{"rendered":"<p><strong><span style=\"color: #000000;\">Hasta el lunes 30 de setiembre rige la pr\u00f3rroga aprobada por el MTC para las licencias de conducir de clase A categor\u00eda profesional.<\/span><\/strong><\/p>\n<p><span style=\"color: #000000;\"><strong>Lima, 08 Agosto 2019, (ANDINA).-<\/strong> Hasta el lunes 30 de setiembre rige la pr\u00f3rroga aprobada por el Ministerio de Transportes y Comunicaciones (MTC) para las licencias de conducir de clase A categor\u00eda profesional cuya fecha de vencimiento comprende del 31 de marzo al 29 de setiembre de este a\u00f1o.<\/span><\/p>\n<p><span style=\"color: #000000;\">Esta ampliaci\u00f3n incluye tambi\u00e9n los certificados de salud que se emitieron para tramitar la revalidaci\u00f3n de los brevetes profesionales y cuya vigencia expir\u00f3 en el referido periodo.<\/span><\/p>\n<p><span style=\"color: #000000;\">El MTC no ampliar\u00e1 la vigencia de este tipo de documentos, toda vez que el personal de los gobiernos regionales se encuentra debidamente capacitado para atender los requerimientos de los usuarios de las v\u00edas, precis\u00f3 el sector mediante un comunicado de prensa.<\/span><\/p>\n<p><span style=\"color: #000000;\">Por ello, exhort\u00f3 a los ciudadanos a realizar este tr\u00e1mite con la anticipaci\u00f3n debida y \u201cno esperar el \u00faltimo momento\u201d para efectuar estos procedimientos, importantes para la conducci\u00f3n de veh\u00edculos en el territorio nacional.<\/span><\/p>\n<p><strong><span style=\"color: #000000;\">Acciones correctivas<\/span><\/strong><\/p>\n<p><span style=\"color: #000000;\">El MTC aprob\u00f3 tres pr\u00f3rrogas, con la finalidad de mitigar los inconvenientes generados en la tramitaci\u00f3n de los procedimientos administrativos de revalidaci\u00f3n de licencias de conducir entre diciembre de 2018 y marzo de este a\u00f1o.<\/span><\/p>\n<p><span style=\"color: #000000;\">Estas normas permiten que quienes iniciaron o requieran iniciar el tr\u00e1mite de revalidaci\u00f3n de licencia de conducir durante esos meses \u201cno se vean afectados por el proceso de reorganizaci\u00f3n del Sistema de Emisi\u00f3n de Licencias de Conducir, efectuado a fines del a\u00f1o pasado\u201d.<\/span><\/p>\n<p><span style=\"color: #000000;\">Dicha acci\u00f3n permiti\u00f3 que el MTC implementara las acciones correctivas necesarias para garantizar su \u00f3ptimo funcionamiento, as\u00ed como prevenir la corrupci\u00f3n y el fraude en torno a su obtenci\u00f3n.<\/span><\/p>\n","protected":false},"excerpt":{"rendered":"<p>Hasta el lunes 30 de setiembre rige la pr\u00f3rroga aprobada por el MTC para las licencias de conducir de clase A categor\u00eda profesional. Lima, 08 Agosto 2019, (ANDINA).- Hasta el lunes 30 de setiembre rige la pr\u00f3rroga aprobada por el Ministerio de Transportes y Comunicaciones (MTC) para las licencias de conducir de clase A categor\u00eda [&hellip;]<\/p>\n","protected":false},"author":1,"featured_media":54801,"comment_status":"open","ping_status":"open","sticky":false,"template":"","format":"standard","meta":{"rop_custom_images_group":[],"rop_custom_messages_group":[],"rop_publish_now":"initial","rop_publish_now_accounts":[],"rop_publish_now_history":[],"rop_publish_now_status":"pending","footnotes":""},"categories":[10],"tags":[1613,318,317],"class_list":["post-54800","post","type-post","status-publish","format-standard","has-post-thumbnail","hentry","category-actualidad-municipal","tag-lima","tag-ministerio-de-transportes-y-comunicaciones","tag-mtc"],"_links":{"self":[{"href":"https:\/\/elinformanteperu.com\/index.php\/wp-json\/wp\/v2\/posts\/54800","targetHints":{"allow":["GET"]}}],"collection":[{"href":"https:\/\/elinformanteperu.com\/index.php\/wp-json\/wp\/v2\/posts"}],"about":[{"href":"https:\/\/elinformanteperu.com\/index.php\/wp-json\/wp\/v2\/types\/post"}],"author":[{"embeddable":true,"href":"https:\/\/elinformanteperu.com\/index.php\/wp-json\/wp\/v2\/users\/1"}],"replies":[{"embeddable":true,"href":"https:\/\/elinformanteperu.com\/index.php\/wp-json\/wp\/v2\/comments?post=54800"}],"version-history":[{"count":1,"href":"https:\/\/elinformanteperu.com\/index.php\/wp-json\/wp\/v2\/posts\/54800\/revisions"}],"predecessor-version":[{"id":54802,"href":"https:\/\/elinformanteperu.com\/index.php\/wp-json\/wp\/v2\/posts\/54800\/revisions\/54802"}],"wp:featuredmedia":[{"embeddable":true,"href":"https:\/\/elinformanteperu.com\/index.php\/wp-json\/wp\/v2\/media\/54801"}],"wp:attachment":[{"href":"https:\/\/elinformanteperu.com\/index.php\/wp-json\/wp\/v2\/media?parent=54800"}],"wp:term":[{"taxonomy":"category","embeddable":true,"href":"https:\/\/elinformanteperu.com\/index.php\/wp-json\/wp\/v2\/categories?post=54800"},{"taxonomy":"post_tag","embeddable":true,"href":"https:\/\/elinformanteperu.com\/index.php\/wp-json\/wp\/v2\/tags?post=54800"}],"curies":[{"name":"wp","href":"https:\/\/api.w.org\/{rel}","templated":true}]}}