{"id":54750,"date":"2019-08-08T19:17:59","date_gmt":"2019-08-09T00:17:59","guid":{"rendered":"http:\/\/elinformanteperu.com\/?p=54750"},"modified":"2019-08-08T19:18:13","modified_gmt":"2019-08-09T00:18:13","slug":"costa-verde-volvera-a-ser-cerrada-por-competencias-de-ciclismo","status":"publish","type":"post","link":"https:\/\/elinformanteperu.com\/index.php\/2019\/08\/08\/costa-verde-volvera-a-ser-cerrada-por-competencias-de-ciclismo\/","title":{"rendered":"Costa Verde volver\u00e1 a ser cerrada por competencias de ciclismo"},"content":{"rendered":"<p><strong><span style=\"color: #000000;\">El cierre ser\u00e1 desde las 22.00 horas del viernes 9 hasta la medianoche del s\u00e1bado 10 de agosto. El Director de Tr\u00e1nsito de la Polic\u00eda Nacional, Jorge Lam, pidi\u00f3 un poco de comprensi\u00f3n a los automovilistas y peatones por el cierre de v\u00edas.<\/span><\/strong><\/p>\n<p><span style=\"color: #000000;\"><strong>Lima, 08 Agosto 2019, (El Informante Per\u00fa).-<\/strong> El circuito de playas de la Costa Verde es escenario de las pruebas de Ciclismo de Ruta, en las modalidades de Contrarreloj e Individual, que re\u00fane en el marco de los Juegos Panamericanos Lima 2019 a 91 de los mejores ciclistas del continente.<\/span><\/p>\n<p><span style=\"color: #000000;\">Las competencias se desarrollaron este mi\u00e9rcoles 7 y continuar\u00e1n el s\u00e1bado 10 de agosto, para lo cual se efectuar\u00e1 un nuevo cierre de la Costa Verde, desde el distrito de San Miguel hasta el distrito de Chorrillos.<\/span><\/p>\n<p><span style=\"color: #000000;\">Jacqueline Lobrano, Jefa del Servicio al Espectador de Lima 2019, indic\u00f3 que las personas que deseen alentar a los deportistas durante el recorrido tienen varios ingresos peatonales: En San Miguel, el Puente Jhon Lennon; en Magdalena, el Puente Bajada Brasil; en San Isidro, el Puente Mar\u00eda Reiche; y en Miraflores, el Puente Bajada Balta.<\/span><\/p>\n<p><span style=\"color: #000000;\">Recomend\u00f3 al p\u00fablico asistente a no llevar mascotas a las competencias para evitar que se puedan escapar, interrumpan el circuito y ocasionen alg\u00fan accidente grave. Tampoco se debe arrojar agua a los ciclistas ni lanzar botellas, porque la v\u00eda debe estar completamente libre.<\/span><\/p>\n<p><img fetchpriority=\"high\" decoding=\"async\" class=\"aligncenter size-full wp-image-54752\" src=\"http:\/\/elinformanteperu.com\/wp-content\/uploads\/2019\/08\/ciclismo-panamericanos2.jpg\" alt=\"\" width=\"766\" height=\"513\" srcset=\"https:\/\/elinformanteperu.com\/wp-content\/uploads\/2019\/08\/ciclismo-panamericanos2.jpg 766w, https:\/\/elinformanteperu.com\/wp-content\/uploads\/2019\/08\/ciclismo-panamericanos2-300x201.jpg 300w, https:\/\/elinformanteperu.com\/wp-content\/uploads\/2019\/08\/ciclismo-panamericanos2-128x86.jpg 128w, https:\/\/elinformanteperu.com\/wp-content\/uploads\/2019\/08\/ciclismo-panamericanos2-32x21.jpg 32w\" sizes=\"(max-width: 766px) 100vw, 766px\" \/><span style=\"color: #000000;\">Por su parte, el Director de Tr\u00e1nsito de la Polic\u00eda Nacional, Jorge Lam, inform\u00f3 que hasta el momento no se ha registrado ning\u00fan inconveniente debido al cierre de la Costa Verde, ya que se ha desplegado personal policial suficiente en todas las rutas alternas donde se registra carga vehicular.<\/span><\/p>\n<p><span style=\"color: #000000;\">Lam pidi\u00f3 un poco de comprensi\u00f3n a los automovilistas y peatones por el cierre de v\u00edas, al tratarse de un evento deportivo de talla internacional en el que todos debemos colaborar.<\/span><\/p>\n<p><strong><span style=\"color: #000000;\">Atenci\u00f3n al cierre del s\u00e1bado 10 de agosto<\/span><\/strong><\/p>\n<p><span style=\"color: #000000;\">El circuito de playas de la Costa Verde ser\u00e1 cerrado nuevamente desde las 10:00 p.m. del viernes 9 de agosto hasta la medianoche del s\u00e1bado 10 de agosto, desde la altura de acceso a la Av. Universitaria hasta la altura del acceso a la Av. Huaylas y todos sus accesos.<\/span><\/p>\n<p><span style=\"color: #000000;\">Tambi\u00e9n permanecer\u00e1 cerrada la Avenida del Ej\u00e9rcito, desde la Av. Coronel Portillo hasta el Complejo Deportivo \u201cManuel Bonilla\u201d. El tramo comprendido desde la altura de acceso a la Avenida Brasil hasta la altura de acceso a la Avenida Huaylas se habilitar\u00e1 a partir de las 6.30 p.m. del 10 de agosto.<\/span><\/p>\n<p><strong><span style=\"color: #000000;\">V\u00edas alternas<\/span><\/strong><\/p>\n<p><img decoding=\"async\" class=\"aligncenter size-full wp-image-54753\" src=\"http:\/\/elinformanteperu.com\/wp-content\/uploads\/2019\/08\/ciclismo-panamericanos3.jpg\" alt=\"\" width=\"648\" height=\"510\" srcset=\"https:\/\/elinformanteperu.com\/wp-content\/uploads\/2019\/08\/ciclismo-panamericanos3.jpg 648w, https:\/\/elinformanteperu.com\/wp-content\/uploads\/2019\/08\/ciclismo-panamericanos3-300x236.jpg 300w, https:\/\/elinformanteperu.com\/wp-content\/uploads\/2019\/08\/ciclismo-panamericanos3-128x101.jpg 128w, https:\/\/elinformanteperu.com\/wp-content\/uploads\/2019\/08\/ciclismo-panamericanos3-32x25.jpg 32w\" sizes=\"(max-width: 648px) 100vw, 648px\" \/><strong><span style=\"color: #000000;\">De Norte a Sur:<\/span><\/strong><\/p>\n<p><span style=\"color: #000000;\">Av. Costanera &#8211; Av. Bertolotto \u2013 Av. Comandante Espinar \u2013 Av. Brasil (Este-Oeste) &#8211; Av. Del Ej\u00e9rcito \u2013 Av. Augusto P\u00e9rez Aran\u00edbar \u2013 Av. Coronel Pedro Portillo (Oeste-Este) \u2013 Av. General Juan Antonio Pezet\u2013 Av. Bel\u00e9n (Este-Oeste)- Av. General C\u00f3rdova \u2013 Av. Santa Cruz (Este-Oeste) \u2013 Av. Aviaci\u00f3n\u2013 Av. Malec\u00f3n Cisneros \u2013 Av. Malec\u00f3n de la Reserva \u2013 Av. Armend\u00e1riz \u2013 Bajada Armend\u00e1riz-(Este-Oeste) y continuar su ruta.<\/span><\/p>\n<p><strong><span style=\"color: #000000;\">De Sur a Norte:<\/span><\/strong><\/p>\n<p><span style=\"color: #000000;\">Bajada Armend\u00e1riz (Oeste-Este) &#8211; Av. Almirante Miguel Grau &#8211; Av. Almirante Miguel Grau \u2013 Av. Reducto \u2013 Av. Armend\u00e1riz (Este-Oeste) \u2013 Av. Jos\u00e9 Larco (Oeste-Este) \u2013 Av. Jos\u00e9 Pardo- Av. Del Ej\u00e9rcito \u2013 Augusto P\u00e9rez Aran\u00edbar \u2013 Av. Del Ej\u00e9rcito \u2013 Jr. Diego Ferr\u00e9 \u2013 Av. Antonio Jos\u00e9 de Sucre (Oeste-Este) \u2013 Jr. Salaverry \u2013 Jr. Federico G\u00e1llese \u2013 Av. La Paz y continuar su ruta normal.<\/span><\/p>\n<p><strong><span style=\"color: #000000;\">La prueba<\/span><\/strong><\/p>\n<p><span style=\"color: #000000;\">La competencia de Ruta Individual de la categor\u00eda femenina se iniciar\u00e1 a las 9:00 a.m. Las 33 participantes dar\u00e1n 6 vueltas al circuito (79.8 kil\u00f3metros).<\/span><\/p>\n<p><span style=\"color: #000000;\">Esta prueba es una largada colectiva, en la que los atletas salen en pelot\u00f3n y el primer ciclista en cruzar la l\u00ednea de meta ser\u00e1 el vencedor. A la 1:00 p.m. cuatro horas despu\u00e9s, se iniciar\u00e1 la competencia de 44 deportistas varones, quienes dar\u00e1n 13 vueltas (172.9 kil\u00f3metros) al mismo circuito.<\/span><\/p>\n<p><img decoding=\"async\" class=\"aligncenter size-full wp-image-2855\" src=\"http:\/\/elinformanteperu.com\/wp-content\/uploads\/2016\/12\/ciclismo-talleres.jpg\" alt=\"\" width=\"1800\" height=\"1200\" srcset=\"https:\/\/elinformanteperu.com\/wp-content\/uploads\/2016\/12\/ciclismo-talleres.jpg 1800w, https:\/\/elinformanteperu.com\/wp-content\/uploads\/2016\/12\/ciclismo-talleres-300x200.jpg 300w, https:\/\/elinformanteperu.com\/wp-content\/uploads\/2016\/12\/ciclismo-talleres-768x512.jpg 768w, https:\/\/elinformanteperu.com\/wp-content\/uploads\/2016\/12\/ciclismo-talleres-1024x683.jpg 1024w, https:\/\/elinformanteperu.com\/wp-content\/uploads\/2016\/12\/ciclismo-talleres-128x85.jpg 128w, https:\/\/elinformanteperu.com\/wp-content\/uploads\/2016\/12\/ciclismo-talleres-32x21.jpg 32w\" sizes=\"(max-width: 1800px) 100vw, 1800px\" \/><\/p>\n","protected":false},"excerpt":{"rendered":"<p>El cierre ser\u00e1 desde las 22.00 horas del viernes 9 hasta la medianoche del s\u00e1bado 10 de agosto. El Director de Tr\u00e1nsito de la Polic\u00eda Nacional, Jorge Lam, pidi\u00f3 un poco de comprensi\u00f3n a los automovilistas y peatones por el cierre de v\u00edas. Lima, 08 Agosto 2019, (El Informante Per\u00fa).- El circuito de playas de [&hellip;]<\/p>\n","protected":false},"author":1,"featured_media":54751,"comment_status":"open","ping_status":"open","sticky":false,"template":"","format":"standard","meta":{"rop_custom_images_group":[],"rop_custom_messages_group":[],"rop_publish_now":"initial","rop_publish_now_accounts":[],"rop_publish_now_history":[],"rop_publish_now_status":"pending","footnotes":""},"categories":[10,8],"tags":[4739,4740,404],"class_list":["post-54750","post","type-post","status-publish","format-standard","has-post-thumbnail","hentry","category-actualidad-municipal","category-disciplinas-deportivas","tag-ciclismo","tag-costa-verde","tag-juegos-panamericanos-lima-2019"],"_links":{"self":[{"href":"https:\/\/elinformanteperu.com\/index.php\/wp-json\/wp\/v2\/posts\/54750","targetHints":{"allow":["GET"]}}],"collection":[{"href":"https:\/\/elinformanteperu.com\/index.php\/wp-json\/wp\/v2\/posts"}],"about":[{"href":"https:\/\/elinformanteperu.com\/index.php\/wp-json\/wp\/v2\/types\/post"}],"author":[{"embeddable":true,"href":"https:\/\/elinformanteperu.com\/index.php\/wp-json\/wp\/v2\/users\/1"}],"replies":[{"embeddable":true,"href":"https:\/\/elinformanteperu.com\/index.php\/wp-json\/wp\/v2\/comments?post=54750"}],"version-history":[{"count":1,"href":"https:\/\/elinformanteperu.com\/index.php\/wp-json\/wp\/v2\/posts\/54750\/revisions"}],"predecessor-version":[{"id":54754,"href":"https:\/\/elinformanteperu.com\/index.php\/wp-json\/wp\/v2\/posts\/54750\/revisions\/54754"}],"wp:featuredmedia":[{"embeddable":true,"href":"https:\/\/elinformanteperu.com\/index.php\/wp-json\/wp\/v2\/media\/54751"}],"wp:attachment":[{"href":"https:\/\/elinformanteperu.com\/index.php\/wp-json\/wp\/v2\/media?parent=54750"}],"wp:term":[{"taxonomy":"category","embeddable":true,"href":"https:\/\/elinformanteperu.com\/index.php\/wp-json\/wp\/v2\/categories?post=54750"},{"taxonomy":"post_tag","embeddable":true,"href":"https:\/\/elinformanteperu.com\/index.php\/wp-json\/wp\/v2\/tags?post=54750"}],"curies":[{"name":"wp","href":"https:\/\/api.w.org\/{rel}","templated":true}]}}