{"id":54642,"date":"2019-08-06T23:22:35","date_gmt":"2019-08-07T04:22:35","guid":{"rendered":"http:\/\/elinformanteperu.com\/?p=54642"},"modified":"2019-08-06T23:22:35","modified_gmt":"2019-08-07T04:22:35","slug":"visita-el-parque-de-las-leyendas-y-conoce-al-verdadero-rey-leon","status":"publish","type":"post","link":"https:\/\/elinformanteperu.com\/index.php\/2019\/08\/06\/visita-el-parque-de-las-leyendas-y-conoce-al-verdadero-rey-leon\/","title":{"rendered":"Visita el Parque de las Leyendas y conoce al verdadero rey le\u00f3n"},"content":{"rendered":"<p><strong><span style=\"color: #000000;\">La Municipalidad de Lima invita a los ciudadanos de la capital a visitar el Parque de las Leyendas el s\u00e1bado 10 de agosto para conocer de cerca al verdadero rey le\u00f3n.<\/span><\/strong><\/p>\n<p><span style=\"color: #000000;\"><strong>Lima, 06 Agosto 2019, (ANDINA).-<\/strong> La Municipalidad de Lima invita a los ciudadanos de la capital a visitar el Parque de las Leyendas el s\u00e1bado 10 de agosto para conocer de cerca al verdadero rey le\u00f3n y a su familia, con ocasi\u00f3n del D\u00eda Mundial del Le\u00f3n.<\/span><\/p>\n<p><span style=\"color: #000000;\">Los tres ejemplares que albergan el mencionado zool\u00f3gico ser\u00e1n agasajados a las 10 a.m. Sult\u00e1n y Bonita, leones que fueron rescatados hace unos a\u00f1os de un circo, recibir\u00e1n junto a su cachorra una dieta especial a base de carne roja.<\/span><\/p>\n<p><span style=\"color: #000000;\">Con la entrega de este nutritivo alimento se busca estimular los sentidos y promover el comportamiento silvestre de estos animales, que son los que causan mayor inter\u00e9s entre los visitantes del Parque de las Leyendas.<\/span><\/p>\n<p><span style=\"color: #000000;\">Asimismo, en los exteriores del felinario todos los asistentes podr\u00e1n participar de la charla educativa \u201cConociendo al rey de la sabana africana\u201d, organizada con el fin de generar conciencia sobre la importancia y conservaci\u00f3n del le\u00f3n en el mundo.<\/span><\/p>\n<p><span style=\"color: #000000;\">Este mam\u00edfero carn\u00edvoro pertenece a la familia de los f\u00e9lidos o felinos, pasa gran parte del tiempo descansando, pues est\u00e1 inactivo aproximadamente 20 horas al d\u00eda. La principal caracter\u00edstica de los machos es su frondosa melena.<\/span><\/p>\n<p><span style=\"color: #000000;\">Seg\u00fan datos de la Uni\u00f3n Internacional para la Conservaci\u00f3n de la Naturaleza (UICN), el le\u00f3n es una especie catalogada como vulnerable debido a la caza indiscriminada y la reducci\u00f3n de su h\u00e1bitat por la tala ilegal de \u00e1rboles.<\/span><\/p>\n","protected":false},"excerpt":{"rendered":"<p>La Municipalidad de Lima invita a los ciudadanos de la capital a visitar el Parque de las Leyendas el s\u00e1bado 10 de agosto para conocer de cerca al verdadero rey le\u00f3n. Lima, 06 Agosto 2019, (ANDINA).- La Municipalidad de Lima invita a los ciudadanos de la capital a visitar el Parque de las Leyendas el [&hellip;]<\/p>\n","protected":false},"author":1,"featured_media":54643,"comment_status":"open","ping_status":"open","sticky":false,"template":"","format":"standard","meta":{"rop_custom_images_group":[],"rop_custom_messages_group":[],"rop_publish_now":"initial","rop_publish_now_accounts":[],"rop_publish_now_history":[],"rop_publish_now_status":"pending","footnotes":""},"categories":[10],"tags":[122,2438],"class_list":["post-54642","post","type-post","status-publish","format-standard","has-post-thumbnail","hentry","category-actualidad-municipal","tag-municipalidad-de-lima","tag-parque-de-las-leyendas"],"_links":{"self":[{"href":"https:\/\/elinformanteperu.com\/index.php\/wp-json\/wp\/v2\/posts\/54642","targetHints":{"allow":["GET"]}}],"collection":[{"href":"https:\/\/elinformanteperu.com\/index.php\/wp-json\/wp\/v2\/posts"}],"about":[{"href":"https:\/\/elinformanteperu.com\/index.php\/wp-json\/wp\/v2\/types\/post"}],"author":[{"embeddable":true,"href":"https:\/\/elinformanteperu.com\/index.php\/wp-json\/wp\/v2\/users\/1"}],"replies":[{"embeddable":true,"href":"https:\/\/elinformanteperu.com\/index.php\/wp-json\/wp\/v2\/comments?post=54642"}],"version-history":[{"count":1,"href":"https:\/\/elinformanteperu.com\/index.php\/wp-json\/wp\/v2\/posts\/54642\/revisions"}],"predecessor-version":[{"id":54644,"href":"https:\/\/elinformanteperu.com\/index.php\/wp-json\/wp\/v2\/posts\/54642\/revisions\/54644"}],"wp:featuredmedia":[{"embeddable":true,"href":"https:\/\/elinformanteperu.com\/index.php\/wp-json\/wp\/v2\/media\/54643"}],"wp:attachment":[{"href":"https:\/\/elinformanteperu.com\/index.php\/wp-json\/wp\/v2\/media?parent=54642"}],"wp:term":[{"taxonomy":"category","embeddable":true,"href":"https:\/\/elinformanteperu.com\/index.php\/wp-json\/wp\/v2\/categories?post=54642"},{"taxonomy":"post_tag","embeddable":true,"href":"https:\/\/elinformanteperu.com\/index.php\/wp-json\/wp\/v2\/tags?post=54642"}],"curies":[{"name":"wp","href":"https:\/\/api.w.org\/{rel}","templated":true}]}}