{"id":54531,"date":"2019-08-05T20:20:02","date_gmt":"2019-08-06T01:20:02","guid":{"rendered":"http:\/\/elinformanteperu.com\/?p=54531"},"modified":"2019-08-05T20:20:02","modified_gmt":"2019-08-06T01:20:02","slug":"fil-lima-2019-logra-record-de-asistencia-en-su-historia","status":"publish","type":"post","link":"https:\/\/elinformanteperu.com\/index.php\/2019\/08\/05\/fil-lima-2019-logra-record-de-asistencia-en-su-historia\/","title":{"rendered":"FIL Lima 2019 logra r\u00e9cord de asistencia en su historia"},"content":{"rendered":"<p><span style=\"color: #000000;\"><span style=\"color: #000000;\"><b>La 24 Feria Internacional del Libro de Lima rompi\u00f3 r\u00e9cords\u00a0de asistencia durante esta edici\u00f3n. La cantidad de asistentes lleg\u00f3 a 586,900.<\/b><\/span><\/span><\/p>\n<p><span style=\"color: #000000;\"><strong>Lima, 05 Agosto 2019, (ANDINA).-<\/strong> La 24 Feria Internacional del Libro de Lima rompi\u00f3 r\u00e9corferiads de asistencia durante esta edici\u00f3n. La cantidad de asistentes lleg\u00f3 a 586,900, siendo as\u00ed, un 4 % adicional en comparaci\u00f3n al a\u00f1o anterior, convirti\u00e9ndose en la cifra m\u00e1s alta en todas sus ediciones.<\/span><\/p>\n<p><span style=\"color: #000000;\">En la \u00faltima edici\u00f3n de la FIL Lima, las ventas de libros se incrementaron en m\u00e1s de 5 % respecto al a\u00f1o anterior, superando los S\/ 20 millones.<\/span><\/p>\n<p><span style=\"color: #000000;\">Cabe resaltar que, durante la presente feria, el n\u00famero de ventas v\u00eda internet fue cinco veces mayor a las registradas en 2018.<\/span><\/p>\n<p><span style=\"color: #000000;\">La presente edici\u00f3n de la FIL LIMA rindi\u00f3 homenaje a un pa\u00eds de la ficci\u00f3n: el Universo Vargas Llosa (UVLL), celebrando la tradici\u00f3n literaria peruana y la universal, que han permitido construir este gran y \u00fanico universo vargasllosiano.<\/span><\/p>\n<p><span style=\"color: #000000;\">As\u00ed, el programa del UVLL cont\u00f3 con m\u00e1s de 15 invitados internacionales, entre autores, investigadores, fot\u00f3grafos, ilustradores y especialistas en la obra de nuestro reconocido Nobel.<\/span><\/p>\n<p><span style=\"color: #000000;\">Durante los 17 d\u00edas de feria, los asistentes se reunieron con sus autores favoritos en distintos g\u00e9neros: literatura, filosof\u00eda, c\u00f3mics, entre otros, quienes realizaron firmas de aut\u00f3grafos que, en algunos casos, superaron las cinco horas. Adem\u00e1s, todos los d\u00edas, diversos artistas musicales que hicieron bailar y disfrutar a los asistentes<\/span><\/p>\n<p><span style=\"color: #000000;\">El a\u00f1o 2020, la Feria Internacional del Libro de Lima celebrar\u00e1 sus Bodas de Plata, con la presencia de Portugal como Pa\u00eds Invitado de Honor.<\/span><\/p>\n<p><img fetchpriority=\"high\" decoding=\"async\" class=\"aligncenter size-full wp-image-36776\" src=\"http:\/\/elinformanteperu.com\/wp-content\/uploads\/2018\/11\/feria-ricardo-palma1.jpg\" alt=\"\" width=\"1800\" height=\"1200\" srcset=\"https:\/\/elinformanteperu.com\/wp-content\/uploads\/2018\/11\/feria-ricardo-palma1.jpg 1800w, https:\/\/elinformanteperu.com\/wp-content\/uploads\/2018\/11\/feria-ricardo-palma1-300x200.jpg 300w, https:\/\/elinformanteperu.com\/wp-content\/uploads\/2018\/11\/feria-ricardo-palma1-768x512.jpg 768w, https:\/\/elinformanteperu.com\/wp-content\/uploads\/2018\/11\/feria-ricardo-palma1-1024x683.jpg 1024w, https:\/\/elinformanteperu.com\/wp-content\/uploads\/2018\/11\/feria-ricardo-palma1-128x85.jpg 128w, https:\/\/elinformanteperu.com\/wp-content\/uploads\/2018\/11\/feria-ricardo-palma1-32x21.jpg 32w\" sizes=\"(max-width: 1800px) 100vw, 1800px\" \/><\/p>\n","protected":false},"excerpt":{"rendered":"<p>La 24 Feria Internacional del Libro de Lima rompi\u00f3 r\u00e9cords\u00a0de asistencia durante esta edici\u00f3n. La cantidad de asistentes lleg\u00f3 a 586,900. Lima, 05 Agosto 2019, (ANDINA).- La 24 Feria Internacional del Libro de Lima rompi\u00f3 r\u00e9corferiads de asistencia durante esta edici\u00f3n. La cantidad de asistentes lleg\u00f3 a 586,900, siendo as\u00ed, un 4 % adicional en [&hellip;]<\/p>\n","protected":false},"author":1,"featured_media":54532,"comment_status":"open","ping_status":"open","sticky":false,"template":"","format":"standard","meta":{"rop_custom_images_group":[],"rop_custom_messages_group":[],"rop_publish_now":"initial","rop_publish_now_accounts":[],"rop_publish_now_history":[],"rop_publish_now_status":"pending","footnotes":""},"categories":[10],"tags":[4576,4575,1613],"class_list":["post-54531","post","type-post","status-publish","format-standard","has-post-thumbnail","hentry","category-actualidad-municipal","tag-feria-internacional-del-libro-2019","tag-fil-2019","tag-lima"],"_links":{"self":[{"href":"https:\/\/elinformanteperu.com\/index.php\/wp-json\/wp\/v2\/posts\/54531","targetHints":{"allow":["GET"]}}],"collection":[{"href":"https:\/\/elinformanteperu.com\/index.php\/wp-json\/wp\/v2\/posts"}],"about":[{"href":"https:\/\/elinformanteperu.com\/index.php\/wp-json\/wp\/v2\/types\/post"}],"author":[{"embeddable":true,"href":"https:\/\/elinformanteperu.com\/index.php\/wp-json\/wp\/v2\/users\/1"}],"replies":[{"embeddable":true,"href":"https:\/\/elinformanteperu.com\/index.php\/wp-json\/wp\/v2\/comments?post=54531"}],"version-history":[{"count":1,"href":"https:\/\/elinformanteperu.com\/index.php\/wp-json\/wp\/v2\/posts\/54531\/revisions"}],"predecessor-version":[{"id":54533,"href":"https:\/\/elinformanteperu.com\/index.php\/wp-json\/wp\/v2\/posts\/54531\/revisions\/54533"}],"wp:featuredmedia":[{"embeddable":true,"href":"https:\/\/elinformanteperu.com\/index.php\/wp-json\/wp\/v2\/media\/54532"}],"wp:attachment":[{"href":"https:\/\/elinformanteperu.com\/index.php\/wp-json\/wp\/v2\/media?parent=54531"}],"wp:term":[{"taxonomy":"category","embeddable":true,"href":"https:\/\/elinformanteperu.com\/index.php\/wp-json\/wp\/v2\/categories?post=54531"},{"taxonomy":"post_tag","embeddable":true,"href":"https:\/\/elinformanteperu.com\/index.php\/wp-json\/wp\/v2\/tags?post=54531"}],"curies":[{"name":"wp","href":"https:\/\/api.w.org\/{rel}","templated":true}]}}