{"id":54390,"date":"2019-08-03T13:43:25","date_gmt":"2019-08-03T18:43:25","guid":{"rendered":"http:\/\/elinformanteperu.com\/?p=54390"},"modified":"2019-08-03T13:43:25","modified_gmt":"2019-08-03T18:43:25","slug":"messi-recibe-tres-meses-de-suspension-tras-sus-dichos-contra-la-conmebol","status":"publish","type":"post","link":"https:\/\/elinformanteperu.com\/index.php\/2019\/08\/03\/messi-recibe-tres-meses-de-suspension-tras-sus-dichos-contra-la-conmebol\/","title":{"rendered":"Messi recibe tres meses de suspensi\u00f3n tras sus dichos contra la Conmebol"},"content":{"rendered":"<p><strong><span style=\"color: #000000;\">El Tribunal de Disciplina de la Conmebol suspendi\u00f3 por tres meses al capit\u00e1n de la selecci\u00f3n argentina Lionel Messi y le impuso una multa por 50.000 d\u00f3lares.<\/span><\/strong><\/p>\n<p><span style=\"color: #000000;\"><strong>Lima, 02 Agosto 2019, (ANDINA).-<\/strong> El Tribunal de Disciplina de la Conmebol suspendi\u00f3 por tres meses al capit\u00e1n de la selecci\u00f3n argentina Lionel Messi y le impuso una multa por 50.000 d\u00f3lares a ra\u00edz de las fuertes cr\u00edticas que formul\u00f3 contra la organizaci\u00f3n sudamericana, indic\u00f3 este viernes la entidad.<\/span><\/p>\n<p><span style=\"color: #000000;\">La medida impide a Messi jugar partidos oficiales y amistosos por tres meses, hasta noviembre pr\u00f3ximo, indic\u00f3 un comunicado de la Conmebol, por el que el \u00eddolo argentino podr\u00e1 jugar la clasificatoria sudamericana al Mundial de Catar-2022 que comienza en marzo de 2020.<\/span><\/p>\n<p><span style=\"color: #000000;\">El capit\u00e1n de la selecci\u00f3n argentina emiti\u00f3 duros cuestionamientos a un arbitraje el mes pasado en la Copa Am\u00e9rica de Brasil-2019.<\/span><\/p>\n<p><img fetchpriority=\"high\" decoding=\"async\" class=\"aligncenter size-full wp-image-52504\" src=\"http:\/\/elinformanteperu.com\/wp-content\/uploads\/2019\/07\/argentina-medel-messi1.jpg\" alt=\"\" width=\"1800\" height=\"1159\" srcset=\"https:\/\/elinformanteperu.com\/wp-content\/uploads\/2019\/07\/argentina-medel-messi1.jpg 1800w, https:\/\/elinformanteperu.com\/wp-content\/uploads\/2019\/07\/argentina-medel-messi1-300x193.jpg 300w, https:\/\/elinformanteperu.com\/wp-content\/uploads\/2019\/07\/argentina-medel-messi1-768x495.jpg 768w, https:\/\/elinformanteperu.com\/wp-content\/uploads\/2019\/07\/argentina-medel-messi1-1024x659.jpg 1024w, https:\/\/elinformanteperu.com\/wp-content\/uploads\/2019\/07\/argentina-medel-messi1-128x82.jpg 128w, https:\/\/elinformanteperu.com\/wp-content\/uploads\/2019\/07\/argentina-medel-messi1-32x21.jpg 32w\" sizes=\"(max-width: 1800px) 100vw, 1800px\" \/><\/p>\n","protected":false},"excerpt":{"rendered":"<p>El Tribunal de Disciplina de la Conmebol suspendi\u00f3 por tres meses al capit\u00e1n de la selecci\u00f3n argentina Lionel Messi y le impuso una multa por 50.000 d\u00f3lares. Lima, 02 Agosto 2019, (ANDINA).- El Tribunal de Disciplina de la Conmebol suspendi\u00f3 por tres meses al capit\u00e1n de la selecci\u00f3n argentina Lionel Messi y le impuso una [&hellip;]<\/p>\n","protected":false},"author":1,"featured_media":54391,"comment_status":"open","ping_status":"open","sticky":false,"template":"","format":"standard","meta":{"rop_custom_images_group":[],"rop_custom_messages_group":[],"rop_publish_now":"initial","rop_publish_now_accounts":[],"rop_publish_now_history":[],"rop_publish_now_status":"pending","footnotes":""},"categories":[8],"tags":[2694,302],"class_list":["post-54390","post","type-post","status-publish","format-standard","has-post-thumbnail","hentry","category-disciplinas-deportivas","tag-conmebol","tag-lionel-messi"],"_links":{"self":[{"href":"https:\/\/elinformanteperu.com\/index.php\/wp-json\/wp\/v2\/posts\/54390","targetHints":{"allow":["GET"]}}],"collection":[{"href":"https:\/\/elinformanteperu.com\/index.php\/wp-json\/wp\/v2\/posts"}],"about":[{"href":"https:\/\/elinformanteperu.com\/index.php\/wp-json\/wp\/v2\/types\/post"}],"author":[{"embeddable":true,"href":"https:\/\/elinformanteperu.com\/index.php\/wp-json\/wp\/v2\/users\/1"}],"replies":[{"embeddable":true,"href":"https:\/\/elinformanteperu.com\/index.php\/wp-json\/wp\/v2\/comments?post=54390"}],"version-history":[{"count":1,"href":"https:\/\/elinformanteperu.com\/index.php\/wp-json\/wp\/v2\/posts\/54390\/revisions"}],"predecessor-version":[{"id":54392,"href":"https:\/\/elinformanteperu.com\/index.php\/wp-json\/wp\/v2\/posts\/54390\/revisions\/54392"}],"wp:featuredmedia":[{"embeddable":true,"href":"https:\/\/elinformanteperu.com\/index.php\/wp-json\/wp\/v2\/media\/54391"}],"wp:attachment":[{"href":"https:\/\/elinformanteperu.com\/index.php\/wp-json\/wp\/v2\/media?parent=54390"}],"wp:term":[{"taxonomy":"category","embeddable":true,"href":"https:\/\/elinformanteperu.com\/index.php\/wp-json\/wp\/v2\/categories?post=54390"},{"taxonomy":"post_tag","embeddable":true,"href":"https:\/\/elinformanteperu.com\/index.php\/wp-json\/wp\/v2\/tags?post=54390"}],"curies":[{"name":"wp","href":"https:\/\/api.w.org\/{rel}","templated":true}]}}