{"id":54280,"date":"2019-08-01T21:54:14","date_gmt":"2019-08-02T02:54:14","guid":{"rendered":"http:\/\/elinformanteperu.com\/?p=54280"},"modified":"2019-08-01T21:54:36","modified_gmt":"2019-08-02T02:54:36","slug":"minedu-31-institutos-tecnologicos-mejoraran-su-calidad-de-ensenanza-cuales-son","status":"publish","type":"post","link":"https:\/\/elinformanteperu.com\/index.php\/2019\/08\/01\/minedu-31-institutos-tecnologicos-mejoraran-su-calidad-de-ensenanza-cuales-son\/","title":{"rendered":"Minedu: 31 institutos tecnol\u00f3gicos mejorar\u00e1n su calidad de ense\u00f1anza. \u00bfCu\u00e1les son?"},"content":{"rendered":"<p><strong><span style=\"color: #000000;\">El Ministerio de Educaci\u00f3n (Minedu) inform\u00f3 que destinar\u00e1 17.5 millones de soles para potenciar la ense\u00f1anza en 31 Institutos de Educaci\u00f3n Superior Tecnol\u00f3gica (IEST) .<\/span><\/strong><\/p>\n<p><span style=\"color: #000000;\"><strong>Lima, 01 Agosto 2019, (ANDINA).-<\/strong> El Ministerio de Educaci\u00f3n (Minedu) inform\u00f3 que destinar\u00e1 17.5 millones de soles para potenciar la ense\u00f1anza en 31 Institutos de Educaci\u00f3n Superior Tecnol\u00f3gica (IEST) ubicados en diversas regiones del Per\u00fa.<\/span><\/p>\n<p><span style=\"color: #000000;\">La meta es ofrecer servicios educativos de calidad. Voceros del portafolio indicaron que en los IEST seleccionados se har\u00e1n mejoras acad\u00e9micas hasta en dos carreras con la actualizaci\u00f3n tecnol\u00f3gica, el equipamiento especializado y la habilitaci\u00f3n de \u00e1reas.<\/span><\/p>\n<p><span style=\"color: #000000;\">El presupuesto destinado por el Minedu se entregar\u00e1 mediante los fondos concursables que ofrece el Programa para la Mejora de la Calidad y Pertinencia de los Servicios de Educaci\u00f3n Superior Universitaria y Tecnolog\u00eda a Nivel Nacional (Pmesut).<\/span><\/p>\n<p><span style=\"color: #000000;\">Estas carreras fueron propuestas por los mismos IEST y est\u00e1n vinculadas a las actividades econ\u00f3micas de cada regi\u00f3n, conforme se establece en el Cat\u00e1logo Nacional de la Oferta Formativa de la Educaci\u00f3n Superior Tecnol\u00f3gica del Minedu.<\/span><\/p>\n<p><span style=\"color: #000000;\">Las carreras que ser\u00e1n mejoradas son Mec\u00e1nica Automotriz, Producci\u00f3n Agropecuaria, Producci\u00f3n Industrial, Enfermer\u00eda T\u00e9cnica, Laboratorio Cl\u00ednico, Construcci\u00f3n Civil e Industrias Alimentarias.<\/span><\/p>\n<p><span style=\"color: #000000;\">Esta propuesta de mejora educativa, indica el ministerio, permitir\u00e1 el fortalecimiento de capacidades de los docentes para un mejor desempe\u00f1o mediante la actualizaci\u00f3n tecnol\u00f3gica en concordancia con los requerimientos del sector productivo y contar con el equipamiento especializado, un recurso indispensable para un adecuado proceso formativo.<\/span><\/p>\n<p><strong><span style=\"color: #000000;\">Los beneficiados<\/span><\/strong><\/p>\n<p><span style=\"color: #000000;\">Los IEST seleccionados tienen 22,898 estudiantes, de los cuales el 27% est\u00e1 matriculado en las carreras elegibles y ser\u00e1 el principal beneficiario de las mejoras educativas.<\/span><\/p>\n<p><span style=\"color: #000000;\">Los IEST p\u00fablicos seleccionados son: Aparicio Pomares (Hu\u00e1nuco), T\u00fapac Amaru (Cusco), Nueva Esperanza y V\u00edctor Ra\u00fal Haya de La Torre (La Libertad), Catalina Buend\u00eda de Pecho (Ica), Francisco de Paula Gonzales Vigil (Tacna), Suiza (Ucayali), Abancay (Apur\u00edmac), Huancavelica (Huancavelica), Jos\u00e9 Antonio Encinas y Manuel N\u00fa\u00f1ez Butr\u00f3n (Puno), Jos\u00e9 Carlos Mari\u00e1tegui (Moquegua), Pedro P. D\u00edaz y Honorio Delgado Espinoza (Arequipa), Pedro A. Del \u00c1guila Hidalgo (Loreto) y Pasco (Pasco).<\/span><\/p>\n<p><span style=\"color: #000000;\">Asimismo, los IEST Jos\u00e9 Mar\u00eda Arguedas (Jun\u00edn), Jorge Basadre Grohmann (Madre de Dios), Rioja y Nor Oriental de la Selva (San Mart\u00edn), Rep\u00fablica Federal de Alemania (Lambayeque), Carlos Salazar Romero (\u00c1ncash), CAP FAP Jos\u00e9 Abelardo Qui\u00f1ones (Tumbes), Sullana y Manuel Yarleque Espinoza (Piura), Per\u00fa-Jap\u00f3n (Amazonas), Huando y V\u00edctor Ra\u00fal Haya de La Torre (Lima Provincias), Sim\u00f3n Bol\u00edvar (Callao) y Gilda Liliana Ballivian Rosado y Manuel Seoane Corrales (Lima), respectivamente.<\/span><\/p>\n","protected":false},"excerpt":{"rendered":"<p>El Ministerio de Educaci\u00f3n (Minedu) inform\u00f3 que destinar\u00e1 17.5 millones de soles para potenciar la ense\u00f1anza en 31 Institutos de Educaci\u00f3n Superior Tecnol\u00f3gica (IEST) . Lima, 01 Agosto 2019, (ANDINA).- El Ministerio de Educaci\u00f3n (Minedu) inform\u00f3 que destinar\u00e1 17.5 millones de soles para potenciar la ense\u00f1anza en 31 Institutos de Educaci\u00f3n Superior Tecnol\u00f3gica (IEST) ubicados [&hellip;]<\/p>\n","protected":false},"author":1,"featured_media":54281,"comment_status":"open","ping_status":"open","sticky":false,"template":"","format":"standard","meta":{"rop_custom_images_group":[],"rop_custom_messages_group":[],"rop_publish_now":"initial","rop_publish_now_accounts":[],"rop_publish_now_history":[],"rop_publish_now_status":"pending","footnotes":""},"categories":[10],"tags":[1668,328],"class_list":["post-54280","post","type-post","status-publish","format-standard","has-post-thumbnail","hentry","category-actualidad-municipal","tag-minedu","tag-ministerio-de-de-educacion"],"_links":{"self":[{"href":"https:\/\/elinformanteperu.com\/index.php\/wp-json\/wp\/v2\/posts\/54280","targetHints":{"allow":["GET"]}}],"collection":[{"href":"https:\/\/elinformanteperu.com\/index.php\/wp-json\/wp\/v2\/posts"}],"about":[{"href":"https:\/\/elinformanteperu.com\/index.php\/wp-json\/wp\/v2\/types\/post"}],"author":[{"embeddable":true,"href":"https:\/\/elinformanteperu.com\/index.php\/wp-json\/wp\/v2\/users\/1"}],"replies":[{"embeddable":true,"href":"https:\/\/elinformanteperu.com\/index.php\/wp-json\/wp\/v2\/comments?post=54280"}],"version-history":[{"count":1,"href":"https:\/\/elinformanteperu.com\/index.php\/wp-json\/wp\/v2\/posts\/54280\/revisions"}],"predecessor-version":[{"id":54282,"href":"https:\/\/elinformanteperu.com\/index.php\/wp-json\/wp\/v2\/posts\/54280\/revisions\/54282"}],"wp:featuredmedia":[{"embeddable":true,"href":"https:\/\/elinformanteperu.com\/index.php\/wp-json\/wp\/v2\/media\/54281"}],"wp:attachment":[{"href":"https:\/\/elinformanteperu.com\/index.php\/wp-json\/wp\/v2\/media?parent=54280"}],"wp:term":[{"taxonomy":"category","embeddable":true,"href":"https:\/\/elinformanteperu.com\/index.php\/wp-json\/wp\/v2\/categories?post=54280"},{"taxonomy":"post_tag","embeddable":true,"href":"https:\/\/elinformanteperu.com\/index.php\/wp-json\/wp\/v2\/tags?post=54280"}],"curies":[{"name":"wp","href":"https:\/\/api.w.org\/{rel}","templated":true}]}}