{"id":54265,"date":"2019-08-01T21:34:44","date_gmt":"2019-08-02T02:34:44","guid":{"rendered":"http:\/\/elinformanteperu.com\/?p=54265"},"modified":"2019-08-01T21:34:44","modified_gmt":"2019-08-02T02:34:44","slug":"metropolitano-amplian-plazo-para-postular-a-obras-de-ampliacion-hasta-carabayllo","status":"publish","type":"post","link":"https:\/\/elinformanteperu.com\/index.php\/2019\/08\/01\/metropolitano-amplian-plazo-para-postular-a-obras-de-ampliacion-hasta-carabayllo\/","title":{"rendered":"Metropolitano: ampl\u00edan plazo para postular a obras de ampliaci\u00f3n hasta Carabayllo"},"content":{"rendered":"<p><strong><span style=\"color: #000000;\">La Municipalidad de Lima recibir\u00e1 hasta el 3 de setiembre las solicitudes de precalificaci\u00f3n de aquellos postores interesados de participar en el proceso de licitaci\u00f3n del proyecto de ampliaci\u00f3n del tramo norte del Metropolitano.<\/span><\/strong><\/p>\n<p><span style=\"color: #000000;\"><strong>Lima, 01 Agosto 2019, (ANDINA).-<\/strong> La Municipalidad de Lima recibir\u00e1 hasta el 3 de setiembre las solicitudes de precalificaci\u00f3n de aquellos postores interesados de participar en el proceso de licitaci\u00f3n del proyecto de ampliaci\u00f3n del tramo norte del Metropolitano, desde la estaci\u00f3n Naranjal hasta la av. Chimpu Ocllo, en el distrito de Carabayllo, inform\u00f3 la comuna edilicia.<\/span><\/p>\n<p><span style=\"color: #000000;\">A trav\u00e9s de la Empresa Municipal Administradora de Peaje de Lima (Emape) S.A., la comuna metropolitana brinda un mayor tiempo a los posibles licitantes para que estudien mucho mejor las bases de precalificaci\u00f3n y hagan su solicitud de manera correcta.<\/span><\/p>\n<p><span style=\"color: #000000;\">Las empresas interesadas en participar en el proceso de selecci\u00f3n, tendr\u00e1n hasta las 11:00 a.m. del 3 de setiembre para presentar la documentaci\u00f3n respectiva. Cabe se\u00f1alar que toda la informaci\u00f3n est\u00e1 disponible en la p\u00e1gina web de la Municipalidad de Lima, as\u00ed como de la empresa edil y Protransporte.<\/span><\/p>\n<p><span style=\"color: #000000;\">El municipio record\u00f3 que la inversi\u00f3n para este nuevo tramo es de S\/ 380 millones aproximadamente, los mismos que ser\u00e1n cofinanciados por el Banco Mundial con el aval del Gobierno Central a trav\u00e9s del Ministerio de Econom\u00eda y Finanzas (MEF).<\/span><\/p>\n<p><span style=\"color: #000000;\">El proyecto comprende la ampliaci\u00f3n del tramo norte mediante la construcci\u00f3n de un corredor segregado de 10.2 km desde la estaci\u00f3n Naranjal en Independencia hasta la intersecci\u00f3n de las avenidas Universitaria y Chimpu Ocllo en Carabayllo.<\/span><\/p>\n<p><span style=\"color: #000000;\">Esta extensi\u00f3n comprende 18 estaciones (17 intermedias y 1 estaci\u00f3n terminal), as\u00ed como la ejecuci\u00f3n del patio taller de un \u00e1rea de 3,304.71m2. Tambi\u00e9n contar\u00e1 con redes de comunicaci\u00f3n, se\u00f1alizaci\u00f3n y semaforizaci\u00f3n, adem\u00e1s de 180,000 m2 de \u00e1reas verdes.<\/span><\/p>\n","protected":false},"excerpt":{"rendered":"<p>La Municipalidad de Lima recibir\u00e1 hasta el 3 de setiembre las solicitudes de precalificaci\u00f3n de aquellos postores interesados de participar en el proceso de licitaci\u00f3n del proyecto de ampliaci\u00f3n del tramo norte del Metropolitano. Lima, 01 Agosto 2019, (ANDINA).- La Municipalidad de Lima recibir\u00e1 hasta el 3 de setiembre las solicitudes de precalificaci\u00f3n de aquellos [&hellip;]<\/p>\n","protected":false},"author":1,"featured_media":54266,"comment_status":"open","ping_status":"open","sticky":false,"template":"","format":"standard","meta":{"rop_custom_images_group":[],"rop_custom_messages_group":[],"rop_publish_now":"initial","rop_publish_now_accounts":[],"rop_publish_now_history":[],"rop_publish_now_status":"pending","footnotes":""},"categories":[10],"tags":[4086,4545,1613,825],"class_list":["post-54265","post","type-post","status-publish","format-standard","has-post-thumbnail","hentry","category-actualidad-municipal","tag-carabayllo","tag-emape","tag-lima","tag-metropolitano"],"_links":{"self":[{"href":"https:\/\/elinformanteperu.com\/index.php\/wp-json\/wp\/v2\/posts\/54265","targetHints":{"allow":["GET"]}}],"collection":[{"href":"https:\/\/elinformanteperu.com\/index.php\/wp-json\/wp\/v2\/posts"}],"about":[{"href":"https:\/\/elinformanteperu.com\/index.php\/wp-json\/wp\/v2\/types\/post"}],"author":[{"embeddable":true,"href":"https:\/\/elinformanteperu.com\/index.php\/wp-json\/wp\/v2\/users\/1"}],"replies":[{"embeddable":true,"href":"https:\/\/elinformanteperu.com\/index.php\/wp-json\/wp\/v2\/comments?post=54265"}],"version-history":[{"count":1,"href":"https:\/\/elinformanteperu.com\/index.php\/wp-json\/wp\/v2\/posts\/54265\/revisions"}],"predecessor-version":[{"id":54267,"href":"https:\/\/elinformanteperu.com\/index.php\/wp-json\/wp\/v2\/posts\/54265\/revisions\/54267"}],"wp:featuredmedia":[{"embeddable":true,"href":"https:\/\/elinformanteperu.com\/index.php\/wp-json\/wp\/v2\/media\/54266"}],"wp:attachment":[{"href":"https:\/\/elinformanteperu.com\/index.php\/wp-json\/wp\/v2\/media?parent=54265"}],"wp:term":[{"taxonomy":"category","embeddable":true,"href":"https:\/\/elinformanteperu.com\/index.php\/wp-json\/wp\/v2\/categories?post=54265"},{"taxonomy":"post_tag","embeddable":true,"href":"https:\/\/elinformanteperu.com\/index.php\/wp-json\/wp\/v2\/tags?post=54265"}],"curies":[{"name":"wp","href":"https:\/\/api.w.org\/{rel}","templated":true}]}}