{"id":54253,"date":"2019-08-01T21:17:46","date_gmt":"2019-08-02T02:17:46","guid":{"rendered":"http:\/\/elinformanteperu.com\/?p=54253"},"modified":"2019-08-01T23:58:27","modified_gmt":"2019-08-02T04:58:27","slug":"gael-garcia-bernal-estara-en-el-festival-de-cine-de-lima","status":"publish","type":"post","link":"https:\/\/elinformanteperu.com\/index.php\/2019\/08\/01\/gael-garcia-bernal-estara-en-el-festival-de-cine-de-lima\/","title":{"rendered":"Gael Garc\u00eda Bernal estar\u00e1 en el Festival de Cine de Lima"},"content":{"rendered":"<p><span style=\"color: #000000;\"><strong>El artista mexicano Gael Garc\u00eda Bernal presentar\u00e1 en el Festival de Cine de Lima su \u00faltimo filme, Chicuarotes. Ser\u00e1 una de las personalidades que participar\u00e1n en la inauguraci\u00f3n de esta cita.<\/strong><\/span><\/p>\n<p><span style=\"color: #000000;\"><strong>Lima, 01 Agosto 2019, (ANDINA).-<\/strong> El artista mexicano Gael Garc\u00eda Bernal presentar\u00e1 en el Festival de Cine de Lima su \u00faltimo filme, Chicuarotes. Ser\u00e1 una de las personalidades que participar\u00e1n en la inauguraci\u00f3n de esta cita con el s\u00e9timo arte el viernes 9 de agosto, inform\u00f3 el centro cultural de la Pontificia Universidad Cat\u00f3lica, organizadora del evento.<\/span><\/p>\n<p><span style=\"color: #000000;\">En esa ceremonia, que se efectuar\u00e1 en el Gran Teatro Nacional, tambi\u00e9n se reconocer\u00e1n el trabajo y los logros de la directora y guionista de cine franc\u00e9s Claire Denis y del documentalista boliviano Jorge Sanjin\u00e9s, fundador de la Escuela F\u00edlmica Boliviana y director del Grupo Ukamau.<\/span><\/p>\n<p><span style=\"color: #000000;\"><strong>Reconocimiento<\/strong><\/span><\/p>\n<p><span style=\"color: #000000;\">En la clausura, los honores ser\u00e1n para el Grupo Chaski por su 25\u00b0 aniversario. Marianne Eyde y Mikael Wistr\u00f6m son los directores que recibir\u00e1n reconocimiento a su trayectoria.<\/span><\/p>\n<p><span style=\"color: #000000;\">En la inauguraci\u00f3n se proyectar\u00e1 en calidad de estreno internacional el documental El viaje de Javier Heraud, de Javier Corcuera, producido con apoyo de la Pontificia Universidad Cat\u00f3lica del Per\u00fa.<\/span><\/p>\n<p><span style=\"color: #000000;\">Otro personaje que asistir\u00e1 al Festival de Lima es Mar\u00eda Conchita Alonso. Ella presentar\u00e1 la pel\u00edcula \u00a1He matado a mi marido!, la que protagoniza.<\/span><\/p>\n<p><img fetchpriority=\"high\" decoding=\"async\" class=\"aligncenter size-full wp-image-34620\" src=\"http:\/\/elinformanteperu.com\/wp-content\/uploads\/2018\/10\/cineplanet.jpg\" alt=\"\" width=\"1800\" height=\"1200\" srcset=\"https:\/\/elinformanteperu.com\/wp-content\/uploads\/2018\/10\/cineplanet.jpg 1800w, https:\/\/elinformanteperu.com\/wp-content\/uploads\/2018\/10\/cineplanet-300x200.jpg 300w, https:\/\/elinformanteperu.com\/wp-content\/uploads\/2018\/10\/cineplanet-768x512.jpg 768w, https:\/\/elinformanteperu.com\/wp-content\/uploads\/2018\/10\/cineplanet-1024x683.jpg 1024w, https:\/\/elinformanteperu.com\/wp-content\/uploads\/2018\/10\/cineplanet-128x85.jpg 128w, https:\/\/elinformanteperu.com\/wp-content\/uploads\/2018\/10\/cineplanet-32x21.jpg 32w\" sizes=\"(max-width: 1800px) 100vw, 1800px\" \/><\/p>\n","protected":false},"excerpt":{"rendered":"<p>El artista mexicano Gael Garc\u00eda Bernal presentar\u00e1 en el Festival de Cine de Lima su \u00faltimo filme, Chicuarotes. Ser\u00e1 una de las personalidades que participar\u00e1n en la inauguraci\u00f3n de esta cita. Lima, 01 Agosto 2019, (ANDINA).- El artista mexicano Gael Garc\u00eda Bernal presentar\u00e1 en el Festival de Cine de Lima su \u00faltimo filme, Chicuarotes. Ser\u00e1 [&hellip;]<\/p>\n","protected":false},"author":1,"featured_media":54254,"comment_status":"open","ping_status":"open","sticky":false,"template":"","format":"standard","meta":{"rop_custom_images_group":[],"rop_custom_messages_group":[],"rop_publish_now":"initial","rop_publish_now_accounts":[],"rop_publish_now_history":[],"rop_publish_now_status":"pending","footnotes":""},"categories":[7],"tags":[4701,861],"class_list":["post-54253","post","type-post","status-publish","format-standard","has-post-thumbnail","hentry","category-butaca","tag-festival-de-cine-de-lima-2019","tag-gael-garcia-bernal"],"_links":{"self":[{"href":"https:\/\/elinformanteperu.com\/index.php\/wp-json\/wp\/v2\/posts\/54253","targetHints":{"allow":["GET"]}}],"collection":[{"href":"https:\/\/elinformanteperu.com\/index.php\/wp-json\/wp\/v2\/posts"}],"about":[{"href":"https:\/\/elinformanteperu.com\/index.php\/wp-json\/wp\/v2\/types\/post"}],"author":[{"embeddable":true,"href":"https:\/\/elinformanteperu.com\/index.php\/wp-json\/wp\/v2\/users\/1"}],"replies":[{"embeddable":true,"href":"https:\/\/elinformanteperu.com\/index.php\/wp-json\/wp\/v2\/comments?post=54253"}],"version-history":[{"count":2,"href":"https:\/\/elinformanteperu.com\/index.php\/wp-json\/wp\/v2\/posts\/54253\/revisions"}],"predecessor-version":[{"id":54309,"href":"https:\/\/elinformanteperu.com\/index.php\/wp-json\/wp\/v2\/posts\/54253\/revisions\/54309"}],"wp:featuredmedia":[{"embeddable":true,"href":"https:\/\/elinformanteperu.com\/index.php\/wp-json\/wp\/v2\/media\/54254"}],"wp:attachment":[{"href":"https:\/\/elinformanteperu.com\/index.php\/wp-json\/wp\/v2\/media?parent=54253"}],"wp:term":[{"taxonomy":"category","embeddable":true,"href":"https:\/\/elinformanteperu.com\/index.php\/wp-json\/wp\/v2\/categories?post=54253"},{"taxonomy":"post_tag","embeddable":true,"href":"https:\/\/elinformanteperu.com\/index.php\/wp-json\/wp\/v2\/tags?post=54253"}],"curies":[{"name":"wp","href":"https:\/\/api.w.org\/{rel}","templated":true}]}}